{"id":1701,"date":"2021-07-22T11:21:31","date_gmt":"2021-07-22T09:21:31","guid":{"rendered":"https:\/\/cristina.cat\/desdelafinestra1\/"},"modified":"2021-08-10T09:11:07","modified_gmt":"2021-08-10T07:11:07","slug":"desdelaventana1","status":"publish","type":"post","link":"https:\/\/cristina.cat\/es\/desdelaventana1\/","title":{"rendered":"Desde la ventana 1"},"content":{"rendered":"<p><em><img decoding=\"async\" class=\"alignleft wp-image-1398 size-medium\" src=\"https:\/\/cristina.cat\/wp-content\/uploads\/2021\/07\/IMG-4698-300x300.jpg\" alt=\"\" width=\"300\" height=\"300\" \/><span style=\"color: #4b2b59;\">\u00abLa belleza de las cosas existe en el esp\u00edritu que las contempla\u00bb<\/span><\/em><br \/>\n<span style=\"color: #4b2b59;\">David Hume<\/span><\/p>\n<p style=\"text-align: justify;\">Desde la ventana contemplo el espect\u00e1culo que d\u00eda a d\u00eda y en forma de precioso regalo me regala la naturaleza, mis ojos \u00e1vidos de belleza y paz, buscan las formas de luz y colores que con pinceles m\u00e1gicos y tintes de imposible reproducci\u00f3n, nos ofrece. Qu\u00e9 prodigiosa paleta, qu\u00e9 empeque\u00f1ecimiento.<\/p>\n<p style=\"text-align: justify;\">Esta obra es la primera de una serie sobre el mismo tema en la que ir\u00e1n cambiando los colores seg\u00fan se despierte el d\u00eda, ma\u00f1anas enneblinadas, c\u00e1lidos atardeceres, cielos amenazantes, d\u00edas de luz y vida.<\/p>\n<p style=\"text-align: justify;\">Tengo previsto que la serie se componga de 6 trabajos, 3 con colores c\u00e1lidos (donde imperen naranjas, amarillos, verdes manchados de estas luces y 3 con colores fr\u00edos (los azules dar\u00e1n paso a bosques te\u00f1idos de este color y los cielos tomar\u00e1n las riendas de d\u00edas m\u00e1s fr\u00edos)<\/p>\n<p style=\"text-align: justify;\">Empiezo con el primero de la serie, 40&#215;40 pintado al \u00f3leo, con el Montseny presidiendo la escena, un bello crep\u00fasculo, lleno de nubes amenazantes.<\/p>\n","protected":false},"excerpt":{"rendered":"<p>\u00abLa belleza de las cosas existe en el esp\u00edritu que  [&#8230;]<\/p>\n","protected":false},"author":1,"featured_media":1400,"comment_status":"open","ping_status":"open","sticky":false,"template":"","format":"standard","meta":{"_vp_format_video_url":"","_vp_image_focal_point":[],"footnotes":""},"categories":[19],"tags":[],"class_list":["post-1701","post","type-post","status-publish","format-standard","has-post-thumbnail","hentry","category-sin-categorizar"],"yoast_head":"<!-- This site is optimized with the Yoast SEO plugin v24.6 - https:\/\/yoast.com\/wordpress\/plugins\/seo\/ -->\n<title>Desde la ventana 1 - c.freixas<\/title>\n<meta name=\"description\" content=\"Desde la ventana contemplo el espect\u00e1culo que d\u00eda a d\u00eda y en forma de precioso regalo me regala la naturaleza, mis ojos \u00e1vidos de belleza y paz, buscan las formas de luz y colores que con pinceles m\u00e1gicos y tintes de imposible reproducci\u00f3n, nos ofrece. Qu\u00e9 prodigiosa paleta, qu\u00e9 empeque\u00f1ecimiento.\" \/>\n<meta name=\"robots\" content=\"index, follow, max-snippet:-1, max-image-preview:large, max-video-preview:-1\" \/>\n<link rel=\"canonical\" href=\"https:\/\/cristina.cat\/desdelafinestra1\/\" \/>\n<meta property=\"og:locale\" content=\"es_ES\" \/>\n<meta property=\"og:type\" content=\"article\" \/>\n<meta property=\"og:title\" content=\"Desde la ventana 1 - c.freixas\" \/>\n<meta property=\"og:description\" content=\"Desde la ventana contemplo el espect\u00e1culo que d\u00eda a d\u00eda y en forma de precioso regalo me regala la naturaleza, mis ojos \u00e1vidos de belleza y paz, buscan las formas de luz y colores que con pinceles m\u00e1gicos y tintes de imposible reproducci\u00f3n, nos ofrece. Qu\u00e9 prodigiosa paleta, qu\u00e9 empeque\u00f1ecimiento.\" \/>\n<meta property=\"og:url\" content=\"https:\/\/cristina.cat\/desdelafinestra1\/\" \/>\n<meta property=\"og:site_name\" content=\"c.freixas\" \/>\n<meta property=\"article:published_time\" content=\"2021-07-22T09:21:31+00:00\" \/>\n<meta property=\"article:modified_time\" content=\"2021-08-10T07:11:07+00:00\" \/>\n<meta property=\"og:image\" content=\"https:\/\/cristina.cat\/wp-content\/uploads\/2021\/07\/IMG-4698-scaled.jpg\" \/>\n\t<meta property=\"og:image:width\" content=\"2550\" \/>\n\t<meta property=\"og:image:height\" content=\"2560\" \/>\n\t<meta property=\"og:image:type\" content=\"image\/jpeg\" \/>\n<meta name=\"author\" content=\"cristin@\" \/>\n<meta name=\"twitter:card\" content=\"summary_large_image\" \/>\n<meta name=\"twitter:label1\" content=\"Escrito por\" \/>\n\t<meta name=\"twitter:data1\" content=\"cristin@\" \/>\n\t<meta name=\"twitter:label2\" content=\"Tiempo de lectura\" \/>\n\t<meta name=\"twitter:data2\" content=\"1 minuto\" \/>\n<script type=\"application\/ld+json\" class=\"yoast-schema-graph\">{\"@context\":\"https:\/\/schema.org\",\"@graph\":[{\"@type\":\"WebPage\",\"@id\":\"https:\/\/cristina.cat\/desdelafinestra1\/\",\"url\":\"https:\/\/cristina.cat\/desdelafinestra1\/\",\"name\":\"Desde la ventana 1 - c.freixas\",\"isPartOf\":{\"@id\":\"https:\/\/cristina.cat\/#website\"},\"primaryImageOfPage\":{\"@id\":\"https:\/\/cristina.cat\/desdelafinestra1\/#primaryimage\"},\"image\":{\"@id\":\"https:\/\/cristina.cat\/desdelafinestra1\/#primaryimage\"},\"thumbnailUrl\":\"https:\/\/cristina.cat\/wp-content\/uploads\/2021\/07\/IMG-4698-scaled.jpg\",\"datePublished\":\"2021-07-22T09:21:31+00:00\",\"dateModified\":\"2021-08-10T07:11:07+00:00\",\"author\":{\"@id\":\"https:\/\/cristina.cat\/#\/schema\/person\/4c27ec1b4297c0dcbbbd012a8df764ca\"},\"description\":\"Desde la ventana contemplo el espect\u00e1culo que d\u00eda a d\u00eda y en forma de precioso regalo me regala la naturaleza, mis ojos \u00e1vidos de belleza y paz, buscan las formas de luz y colores que con pinceles m\u00e1gicos y tintes de imposible reproducci\u00f3n, nos ofrece. Qu\u00e9 prodigiosa paleta, qu\u00e9 empeque\u00f1ecimiento.\",\"breadcrumb\":{\"@id\":\"https:\/\/cristina.cat\/desdelafinestra1\/#breadcrumb\"},\"inLanguage\":\"es\",\"potentialAction\":[{\"@type\":\"ReadAction\",\"target\":[\"https:\/\/cristina.cat\/desdelafinestra1\/\"]}]},{\"@type\":\"ImageObject\",\"inLanguage\":\"es\",\"@id\":\"https:\/\/cristina.cat\/desdelafinestra1\/#primaryimage\",\"url\":\"https:\/\/cristina.cat\/wp-content\/uploads\/2021\/07\/IMG-4698-scaled.jpg\",\"contentUrl\":\"https:\/\/cristina.cat\/wp-content\/uploads\/2021\/07\/IMG-4698-scaled.jpg\",\"width\":2550,\"height\":2560},{\"@type\":\"BreadcrumbList\",\"@id\":\"https:\/\/cristina.cat\/desdelafinestra1\/#breadcrumb\",\"itemListElement\":[{\"@type\":\"ListItem\",\"position\":1,\"name\":\"Inicio\",\"item\":\"https:\/\/cristina.cat\/\"},{\"@type\":\"ListItem\",\"position\":2,\"name\":\"Desde la ventana 1\"}]},{\"@type\":\"WebSite\",\"@id\":\"https:\/\/cristina.cat\/#website\",\"url\":\"https:\/\/cristina.cat\/\",\"name\":\"c.freixas\",\"description\":\"art i disseny\",\"potentialAction\":[{\"@type\":\"SearchAction\",\"target\":{\"@type\":\"EntryPoint\",\"urlTemplate\":\"https:\/\/cristina.cat\/?s={search_term_string}\"},\"query-input\":{\"@type\":\"PropertyValueSpecification\",\"valueRequired\":true,\"valueName\":\"search_term_string\"}}],\"inLanguage\":\"es\"},{\"@type\":\"Person\",\"@id\":\"https:\/\/cristina.cat\/#\/schema\/person\/4c27ec1b4297c0dcbbbd012a8df764ca\",\"name\":\"cristin@\",\"image\":{\"@type\":\"ImageObject\",\"inLanguage\":\"es\",\"@id\":\"https:\/\/cristina.cat\/#\/schema\/person\/image\/\",\"url\":\"https:\/\/secure.gravatar.com\/avatar\/8fcc28cf7caff45411f165ea4dd7eea3?s=96&d=mm&r=g\",\"contentUrl\":\"https:\/\/secure.gravatar.com\/avatar\/8fcc28cf7caff45411f165ea4dd7eea3?s=96&d=mm&r=g\",\"caption\":\"cristin@\"},\"url\":\"https:\/\/cristina.cat\/es\/author\/cristin\/\"}]}<\/script>\n<!-- \/ Yoast SEO plugin. -->","yoast_head_json":{"title":"Desde la ventana 1 - c.freixas","description":"Desde la ventana contemplo el espect\u00e1culo que d\u00eda a d\u00eda y en forma de precioso regalo me regala la naturaleza, mis ojos \u00e1vidos de belleza y paz, buscan las formas de luz y colores que con pinceles m\u00e1gicos y tintes de imposible reproducci\u00f3n, nos ofrece. Qu\u00e9 prodigiosa paleta, qu\u00e9 empeque\u00f1ecimiento.","robots":{"index":"index","follow":"follow","max-snippet":"max-snippet:-1","max-image-preview":"max-image-preview:large","max-video-preview":"max-video-preview:-1"},"canonical":"https:\/\/cristina.cat\/desdelafinestra1\/","og_locale":"es_ES","og_type":"article","og_title":"Desde la ventana 1 - c.freixas","og_description":"Desde la ventana contemplo el espect\u00e1culo que d\u00eda a d\u00eda y en forma de precioso regalo me regala la naturaleza, mis ojos \u00e1vidos de belleza y paz, buscan las formas de luz y colores que con pinceles m\u00e1gicos y tintes de imposible reproducci\u00f3n, nos ofrece. Qu\u00e9 prodigiosa paleta, qu\u00e9 empeque\u00f1ecimiento.","og_url":"https:\/\/cristina.cat\/desdelafinestra1\/","og_site_name":"c.freixas","article_published_time":"2021-07-22T09:21:31+00:00","article_modified_time":"2021-08-10T07:11:07+00:00","og_image":[{"width":2550,"height":2560,"url":"https:\/\/cristina.cat\/wp-content\/uploads\/2021\/07\/IMG-4698-scaled.jpg","type":"image\/jpeg"}],"author":"cristin@","twitter_card":"summary_large_image","twitter_misc":{"Escrito por":"cristin@","Tiempo de lectura":"1 minuto"},"schema":{"@context":"https:\/\/schema.org","@graph":[{"@type":"WebPage","@id":"https:\/\/cristina.cat\/desdelafinestra1\/","url":"https:\/\/cristina.cat\/desdelafinestra1\/","name":"Desde la ventana 1 - c.freixas","isPartOf":{"@id":"https:\/\/cristina.cat\/#website"},"primaryImageOfPage":{"@id":"https:\/\/cristina.cat\/desdelafinestra1\/#primaryimage"},"image":{"@id":"https:\/\/cristina.cat\/desdelafinestra1\/#primaryimage"},"thumbnailUrl":"https:\/\/cristina.cat\/wp-content\/uploads\/2021\/07\/IMG-4698-scaled.jpg","datePublished":"2021-07-22T09:21:31+00:00","dateModified":"2021-08-10T07:11:07+00:00","author":{"@id":"https:\/\/cristina.cat\/#\/schema\/person\/4c27ec1b4297c0dcbbbd012a8df764ca"},"description":"Desde la ventana contemplo el espect\u00e1culo que d\u00eda a d\u00eda y en forma de precioso regalo me regala la naturaleza, mis ojos \u00e1vidos de belleza y paz, buscan las formas de luz y colores que con pinceles m\u00e1gicos y tintes de imposible reproducci\u00f3n, nos ofrece. Qu\u00e9 prodigiosa paleta, qu\u00e9 empeque\u00f1ecimiento.","breadcrumb":{"@id":"https:\/\/cristina.cat\/desdelafinestra1\/#breadcrumb"},"inLanguage":"es","potentialAction":[{"@type":"ReadAction","target":["https:\/\/cristina.cat\/desdelafinestra1\/"]}]},{"@type":"ImageObject","inLanguage":"es","@id":"https:\/\/cristina.cat\/desdelafinestra1\/#primaryimage","url":"https:\/\/cristina.cat\/wp-content\/uploads\/2021\/07\/IMG-4698-scaled.jpg","contentUrl":"https:\/\/cristina.cat\/wp-content\/uploads\/2021\/07\/IMG-4698-scaled.jpg","width":2550,"height":2560},{"@type":"BreadcrumbList","@id":"https:\/\/cristina.cat\/desdelafinestra1\/#breadcrumb","itemListElement":[{"@type":"ListItem","position":1,"name":"Inicio","item":"https:\/\/cristina.cat\/"},{"@type":"ListItem","position":2,"name":"Desde la ventana 1"}]},{"@type":"WebSite","@id":"https:\/\/cristina.cat\/#website","url":"https:\/\/cristina.cat\/","name":"c.freixas","description":"art i disseny","potentialAction":[{"@type":"SearchAction","target":{"@type":"EntryPoint","urlTemplate":"https:\/\/cristina.cat\/?s={search_term_string}"},"query-input":{"@type":"PropertyValueSpecification","valueRequired":true,"valueName":"search_term_string"}}],"inLanguage":"es"},{"@type":"Person","@id":"https:\/\/cristina.cat\/#\/schema\/person\/4c27ec1b4297c0dcbbbd012a8df764ca","name":"cristin@","image":{"@type":"ImageObject","inLanguage":"es","@id":"https:\/\/cristina.cat\/#\/schema\/person\/image\/","url":"https:\/\/secure.gravatar.com\/avatar\/8fcc28cf7caff45411f165ea4dd7eea3?s=96&d=mm&r=g","contentUrl":"https:\/\/secure.gravatar.com\/avatar\/8fcc28cf7caff45411f165ea4dd7eea3?s=96&d=mm&r=g","caption":"cristin@"},"url":"https:\/\/cristina.cat\/es\/author\/cristin\/"}]}},"_links":{"self":[{"href":"https:\/\/cristina.cat\/es\/wp-json\/wp\/v2\/posts\/1701","targetHints":{"allow":["GET"]}}],"collection":[{"href":"https:\/\/cristina.cat\/es\/wp-json\/wp\/v2\/posts"}],"about":[{"href":"https:\/\/cristina.cat\/es\/wp-json\/wp\/v2\/types\/post"}],"author":[{"embeddable":true,"href":"https:\/\/cristina.cat\/es\/wp-json\/wp\/v2\/users\/1"}],"replies":[{"embeddable":true,"href":"https:\/\/cristina.cat\/es\/wp-json\/wp\/v2\/comments?post=1701"}],"version-history":[{"count":3,"href":"https:\/\/cristina.cat\/es\/wp-json\/wp\/v2\/posts\/1701\/revisions"}],"predecessor-version":[{"id":1707,"href":"https:\/\/cristina.cat\/es\/wp-json\/wp\/v2\/posts\/1701\/revisions\/1707"}],"wp:featuredmedia":[{"embeddable":true,"href":"https:\/\/cristina.cat\/es\/wp-json\/wp\/v2\/media\/1400"}],"wp:attachment":[{"href":"https:\/\/cristina.cat\/es\/wp-json\/wp\/v2\/media?parent=1701"}],"wp:term":[{"taxonomy":"category","embeddable":true,"href":"https:\/\/cristina.cat\/es\/wp-json\/wp\/v2\/categories?post=1701"},{"taxonomy":"post_tag","embeddable":true,"href":"https:\/\/cristina.cat\/es\/wp-json\/wp\/v2\/tags?post=1701"}],"curies":[{"name":"wp","href":"https:\/\/api.w.org\/{rel}","templated":true}]}}