{"id":1692,"date":"2021-07-22T10:32:28","date_gmt":"2021-07-22T08:32:28","guid":{"rendered":"https:\/\/cristina.cat\/blanc-de-blancs\/"},"modified":"2021-08-09T09:00:21","modified_gmt":"2021-08-09T07:00:21","slug":"blanco-de-blancos","status":"publish","type":"post","link":"https:\/\/cristina.cat\/es\/blanco-de-blancos\/","title":{"rendered":"Blanco de blancos"},"content":{"rendered":"<div id=\"attachment_941\" style=\"width: 308px\" class=\"wp-caption alignleft\"><img decoding=\"async\" aria-describedby=\"caption-attachment-941\" class=\"wp-image-941 size-medium\" src=\"https:\/\/cristina.cat\/wp-content\/uploads\/2021\/06\/bodegp-blanc-298x300.jpg\" alt=\"\" width=\"298\" height=\"300\" \/><p id=\"caption-attachment-941\" class=\"wp-caption-text\">\u00f3leo sobre lino 50&#215;50<\/p><\/div>\n<p style=\"text-align: justify;\"><span style=\"color: #4b2b59;\"><em>Qu\u00e9 ser\u00eda de la vida si no tuvi\u00e9ramos el valor\u00a0de intentar algo nuevo??<br \/>\n<\/em>Vincent Van Gogh<\/span><\/p>\n<p style=\"text-align: justify;\">Va de blancos&#8230;<br \/>\nContemplar la extraordinaria obra del \u00ab<a href=\"https:\/\/www.rijksmuseum.nl\/nl\/collectie\/SK-A-4\" target=\"_blank\" rel=\"noopener\">Cisne amenazado<\/a>\u00bb de Jan\u00a0Asselijn\u00a0en el\u00a0Rijksmuseum me impact\u00f3, una inmensa ave blanca que ocupa la totalidad del lienzo en la que no hay ninguna pincelada o muy pocas de color blanco, pero&#8230; es una inmensa ave blanca!!!!!!<\/p>\n<p style=\"text-align: justify;\">Me gustan las monocrom\u00edas, los colores neutros y los colores que no son colores o que no sabr\u00edas decir qu\u00e9 color es porque quiz\u00e1s a\u00fan nadie les ha dotado de personalidad y car\u00e1cter, pero que no dejan de tener belleza y que combinados con otros formen una tranquila composici\u00f3n.<\/p>\n<p>Con estas inquietudes, preparamos un escenario blanco, quer\u00eda trabajar con blancos&#8230;<br \/>\nEste es el resultado a mi propio desaf\u00edo, y de muchas horas de trabajo llenas\u00a0de incertidumbres, desmoralizaciones pero no sin falta de ganas de conseguir pintar blanco sin blancos.<\/p>\n<p style=\"text-align: justify;\">Este bodeg\u00f3n representa una botella florero con espigas y hortensias sobre un fondo blanco, pintado al \u00f3leo sobre lienzo de lino, de 50&#215;50<\/p>\n","protected":false},"excerpt":{"rendered":"<p>Qu\u00e9 ser\u00eda de la vida si no tuvi\u00e9ramos el valor\u00a0de  [&#8230;]<\/p>\n","protected":false},"author":1,"featured_media":1368,"comment_status":"open","ping_status":"open","sticky":false,"template":"","format":"standard","meta":{"_vp_format_video_url":"","_vp_image_focal_point":[],"footnotes":""},"categories":[19],"tags":[],"class_list":["post-1692","post","type-post","status-publish","format-standard","has-post-thumbnail","hentry","category-sin-categorizar"],"yoast_head":"<!-- This site is optimized with the Yoast SEO plugin v24.6 - https:\/\/yoast.com\/wordpress\/plugins\/seo\/ -->\n<title>blanco de blancos &quot;Cisne amenazado&quot; de Jan\u00a0Asselijn\u00a0en el\u00a0Rijksmuseum<\/title>\n<meta name=\"description\" content=\"Contemplar la extraordinaria obra del &quot;Cisne amenazado&quot; de Jan\u00a0Asselijn\u00a0en el\u00a0Rijksmuseum me impact\u00f3, una inmensa ave blanca que ocupa la totalidad del lienzo en la que no hay ninguna pincelada o muy pocas de color blanco, pero... es una inmensa ave blanca!!!!!!\" \/>\n<meta name=\"robots\" content=\"index, follow, max-snippet:-1, max-image-preview:large, max-video-preview:-1\" \/>\n<link rel=\"canonical\" href=\"https:\/\/cristina.cat\/blanc-de-blancs\/\" \/>\n<meta property=\"og:locale\" content=\"es_ES\" \/>\n<meta property=\"og:type\" content=\"article\" \/>\n<meta property=\"og:title\" content=\"blanco de blancos &quot;Cisne amenazado&quot; de Jan\u00a0Asselijn\u00a0en el\u00a0Rijksmuseum\" \/>\n<meta property=\"og:description\" content=\"Contemplar la extraordinaria obra del &quot;Cisne amenazado&quot; de Jan\u00a0Asselijn\u00a0en el\u00a0Rijksmuseum me impact\u00f3, una inmensa ave blanca que ocupa la totalidad del lienzo en la que no hay ninguna pincelada o muy pocas de color blanco, pero... es una inmensa ave blanca!!!!!!\" \/>\n<meta property=\"og:url\" content=\"https:\/\/cristina.cat\/blanc-de-blancs\/\" \/>\n<meta property=\"og:site_name\" content=\"c.freixas\" \/>\n<meta property=\"article:published_time\" content=\"2021-07-22T08:32:28+00:00\" \/>\n<meta property=\"article:modified_time\" content=\"2021-08-09T07:00:21+00:00\" \/>\n<meta property=\"og:image\" content=\"https:\/\/cristina.cat\/wp-content\/uploads\/2021\/06\/bodegp-blanc-scaled.jpg\" \/>\n\t<meta property=\"og:image:width\" content=\"2540\" \/>\n\t<meta property=\"og:image:height\" content=\"2560\" \/>\n\t<meta property=\"og:image:type\" content=\"image\/jpeg\" \/>\n<meta name=\"author\" content=\"cristin@\" \/>\n<meta name=\"twitter:card\" content=\"summary_large_image\" \/>\n<meta name=\"twitter:label1\" content=\"Escrito por\" \/>\n\t<meta name=\"twitter:data1\" content=\"cristin@\" \/>\n\t<meta name=\"twitter:label2\" content=\"Tiempo de lectura\" \/>\n\t<meta name=\"twitter:data2\" content=\"2 minutos\" \/>\n<script type=\"application\/ld+json\" class=\"yoast-schema-graph\">{\"@context\":\"https:\/\/schema.org\",\"@graph\":[{\"@type\":\"WebPage\",\"@id\":\"https:\/\/cristina.cat\/blanc-de-blancs\/\",\"url\":\"https:\/\/cristina.cat\/blanc-de-blancs\/\",\"name\":\"blanco de blancos \\\"Cisne amenazado\\\" de Jan\u00a0Asselijn\u00a0en el\u00a0Rijksmuseum\",\"isPartOf\":{\"@id\":\"https:\/\/cristina.cat\/#website\"},\"primaryImageOfPage\":{\"@id\":\"https:\/\/cristina.cat\/blanc-de-blancs\/#primaryimage\"},\"image\":{\"@id\":\"https:\/\/cristina.cat\/blanc-de-blancs\/#primaryimage\"},\"thumbnailUrl\":\"https:\/\/cristina.cat\/wp-content\/uploads\/2021\/06\/bodegp-blanc-scaled.jpg\",\"datePublished\":\"2021-07-22T08:32:28+00:00\",\"dateModified\":\"2021-08-09T07:00:21+00:00\",\"author\":{\"@id\":\"https:\/\/cristina.cat\/#\/schema\/person\/4c27ec1b4297c0dcbbbd012a8df764ca\"},\"description\":\"Contemplar la extraordinaria obra del \\\"Cisne amenazado\\\" de Jan\u00a0Asselijn\u00a0en el\u00a0Rijksmuseum me impact\u00f3, una inmensa ave blanca que ocupa la totalidad del lienzo en la que no hay ninguna pincelada o muy pocas de color blanco, pero... es una inmensa ave blanca!!!!!!\",\"breadcrumb\":{\"@id\":\"https:\/\/cristina.cat\/blanc-de-blancs\/#breadcrumb\"},\"inLanguage\":\"es\",\"potentialAction\":[{\"@type\":\"ReadAction\",\"target\":[\"https:\/\/cristina.cat\/blanc-de-blancs\/\"]}]},{\"@type\":\"ImageObject\",\"inLanguage\":\"es\",\"@id\":\"https:\/\/cristina.cat\/blanc-de-blancs\/#primaryimage\",\"url\":\"https:\/\/cristina.cat\/wp-content\/uploads\/2021\/06\/bodegp-blanc-scaled.jpg\",\"contentUrl\":\"https:\/\/cristina.cat\/wp-content\/uploads\/2021\/06\/bodegp-blanc-scaled.jpg\",\"width\":2540,\"height\":2560,\"caption\":\"oli sobre ll\u00ed 50x50\"},{\"@type\":\"BreadcrumbList\",\"@id\":\"https:\/\/cristina.cat\/blanc-de-blancs\/#breadcrumb\",\"itemListElement\":[{\"@type\":\"ListItem\",\"position\":1,\"name\":\"Inicio\",\"item\":\"https:\/\/cristina.cat\/\"},{\"@type\":\"ListItem\",\"position\":2,\"name\":\"Blanco de blancos\"}]},{\"@type\":\"WebSite\",\"@id\":\"https:\/\/cristina.cat\/#website\",\"url\":\"https:\/\/cristina.cat\/\",\"name\":\"c.freixas\",\"description\":\"art i disseny\",\"potentialAction\":[{\"@type\":\"SearchAction\",\"target\":{\"@type\":\"EntryPoint\",\"urlTemplate\":\"https:\/\/cristina.cat\/?s={search_term_string}\"},\"query-input\":{\"@type\":\"PropertyValueSpecification\",\"valueRequired\":true,\"valueName\":\"search_term_string\"}}],\"inLanguage\":\"es\"},{\"@type\":\"Person\",\"@id\":\"https:\/\/cristina.cat\/#\/schema\/person\/4c27ec1b4297c0dcbbbd012a8df764ca\",\"name\":\"cristin@\",\"image\":{\"@type\":\"ImageObject\",\"inLanguage\":\"es\",\"@id\":\"https:\/\/cristina.cat\/#\/schema\/person\/image\/\",\"url\":\"https:\/\/secure.gravatar.com\/avatar\/8fcc28cf7caff45411f165ea4dd7eea3?s=96&d=mm&r=g\",\"contentUrl\":\"https:\/\/secure.gravatar.com\/avatar\/8fcc28cf7caff45411f165ea4dd7eea3?s=96&d=mm&r=g\",\"caption\":\"cristin@\"},\"url\":\"https:\/\/cristina.cat\/es\/author\/cristin\/\"}]}<\/script>\n<!-- \/ Yoast SEO plugin. -->","yoast_head_json":{"title":"blanco de blancos \"Cisne amenazado\" de Jan\u00a0Asselijn\u00a0en el\u00a0Rijksmuseum","description":"Contemplar la extraordinaria obra del \"Cisne amenazado\" de Jan\u00a0Asselijn\u00a0en el\u00a0Rijksmuseum me impact\u00f3, una inmensa ave blanca que ocupa la totalidad del lienzo en la que no hay ninguna pincelada o muy pocas de color blanco, pero... es una inmensa ave blanca!!!!!!","robots":{"index":"index","follow":"follow","max-snippet":"max-snippet:-1","max-image-preview":"max-image-preview:large","max-video-preview":"max-video-preview:-1"},"canonical":"https:\/\/cristina.cat\/blanc-de-blancs\/","og_locale":"es_ES","og_type":"article","og_title":"blanco de blancos \"Cisne amenazado\" de Jan\u00a0Asselijn\u00a0en el\u00a0Rijksmuseum","og_description":"Contemplar la extraordinaria obra del \"Cisne amenazado\" de Jan\u00a0Asselijn\u00a0en el\u00a0Rijksmuseum me impact\u00f3, una inmensa ave blanca que ocupa la totalidad del lienzo en la que no hay ninguna pincelada o muy pocas de color blanco, pero... es una inmensa ave blanca!!!!!!","og_url":"https:\/\/cristina.cat\/blanc-de-blancs\/","og_site_name":"c.freixas","article_published_time":"2021-07-22T08:32:28+00:00","article_modified_time":"2021-08-09T07:00:21+00:00","og_image":[{"width":2540,"height":2560,"url":"https:\/\/cristina.cat\/wp-content\/uploads\/2021\/06\/bodegp-blanc-scaled.jpg","type":"image\/jpeg"}],"author":"cristin@","twitter_card":"summary_large_image","twitter_misc":{"Escrito por":"cristin@","Tiempo de lectura":"2 minutos"},"schema":{"@context":"https:\/\/schema.org","@graph":[{"@type":"WebPage","@id":"https:\/\/cristina.cat\/blanc-de-blancs\/","url":"https:\/\/cristina.cat\/blanc-de-blancs\/","name":"blanco de blancos \"Cisne amenazado\" de Jan\u00a0Asselijn\u00a0en el\u00a0Rijksmuseum","isPartOf":{"@id":"https:\/\/cristina.cat\/#website"},"primaryImageOfPage":{"@id":"https:\/\/cristina.cat\/blanc-de-blancs\/#primaryimage"},"image":{"@id":"https:\/\/cristina.cat\/blanc-de-blancs\/#primaryimage"},"thumbnailUrl":"https:\/\/cristina.cat\/wp-content\/uploads\/2021\/06\/bodegp-blanc-scaled.jpg","datePublished":"2021-07-22T08:32:28+00:00","dateModified":"2021-08-09T07:00:21+00:00","author":{"@id":"https:\/\/cristina.cat\/#\/schema\/person\/4c27ec1b4297c0dcbbbd012a8df764ca"},"description":"Contemplar la extraordinaria obra del \"Cisne amenazado\" de Jan\u00a0Asselijn\u00a0en el\u00a0Rijksmuseum me impact\u00f3, una inmensa ave blanca que ocupa la totalidad del lienzo en la que no hay ninguna pincelada o muy pocas de color blanco, pero... es una inmensa ave blanca!!!!!!","breadcrumb":{"@id":"https:\/\/cristina.cat\/blanc-de-blancs\/#breadcrumb"},"inLanguage":"es","potentialAction":[{"@type":"ReadAction","target":["https:\/\/cristina.cat\/blanc-de-blancs\/"]}]},{"@type":"ImageObject","inLanguage":"es","@id":"https:\/\/cristina.cat\/blanc-de-blancs\/#primaryimage","url":"https:\/\/cristina.cat\/wp-content\/uploads\/2021\/06\/bodegp-blanc-scaled.jpg","contentUrl":"https:\/\/cristina.cat\/wp-content\/uploads\/2021\/06\/bodegp-blanc-scaled.jpg","width":2540,"height":2560,"caption":"oli sobre ll\u00ed 50x50"},{"@type":"BreadcrumbList","@id":"https:\/\/cristina.cat\/blanc-de-blancs\/#breadcrumb","itemListElement":[{"@type":"ListItem","position":1,"name":"Inicio","item":"https:\/\/cristina.cat\/"},{"@type":"ListItem","position":2,"name":"Blanco de blancos"}]},{"@type":"WebSite","@id":"https:\/\/cristina.cat\/#website","url":"https:\/\/cristina.cat\/","name":"c.freixas","description":"art i disseny","potentialAction":[{"@type":"SearchAction","target":{"@type":"EntryPoint","urlTemplate":"https:\/\/cristina.cat\/?s={search_term_string}"},"query-input":{"@type":"PropertyValueSpecification","valueRequired":true,"valueName":"search_term_string"}}],"inLanguage":"es"},{"@type":"Person","@id":"https:\/\/cristina.cat\/#\/schema\/person\/4c27ec1b4297c0dcbbbd012a8df764ca","name":"cristin@","image":{"@type":"ImageObject","inLanguage":"es","@id":"https:\/\/cristina.cat\/#\/schema\/person\/image\/","url":"https:\/\/secure.gravatar.com\/avatar\/8fcc28cf7caff45411f165ea4dd7eea3?s=96&d=mm&r=g","contentUrl":"https:\/\/secure.gravatar.com\/avatar\/8fcc28cf7caff45411f165ea4dd7eea3?s=96&d=mm&r=g","caption":"cristin@"},"url":"https:\/\/cristina.cat\/es\/author\/cristin\/"}]}},"_links":{"self":[{"href":"https:\/\/cristina.cat\/es\/wp-json\/wp\/v2\/posts\/1692","targetHints":{"allow":["GET"]}}],"collection":[{"href":"https:\/\/cristina.cat\/es\/wp-json\/wp\/v2\/posts"}],"about":[{"href":"https:\/\/cristina.cat\/es\/wp-json\/wp\/v2\/types\/post"}],"author":[{"embeddable":true,"href":"https:\/\/cristina.cat\/es\/wp-json\/wp\/v2\/users\/1"}],"replies":[{"embeddable":true,"href":"https:\/\/cristina.cat\/es\/wp-json\/wp\/v2\/comments?post=1692"}],"version-history":[{"count":4,"href":"https:\/\/cristina.cat\/es\/wp-json\/wp\/v2\/posts\/1692\/revisions"}],"predecessor-version":[{"id":1696,"href":"https:\/\/cristina.cat\/es\/wp-json\/wp\/v2\/posts\/1692\/revisions\/1696"}],"wp:featuredmedia":[{"embeddable":true,"href":"https:\/\/cristina.cat\/es\/wp-json\/wp\/v2\/media\/1368"}],"wp:attachment":[{"href":"https:\/\/cristina.cat\/es\/wp-json\/wp\/v2\/media?parent=1692"}],"wp:term":[{"taxonomy":"category","embeddable":true,"href":"https:\/\/cristina.cat\/es\/wp-json\/wp\/v2\/categories?post=1692"},{"taxonomy":"post_tag","embeddable":true,"href":"https:\/\/cristina.cat\/es\/wp-json\/wp\/v2\/tags?post=1692"}],"curies":[{"name":"wp","href":"https:\/\/api.w.org\/{rel}","templated":true}]}}