{"id":1319,"date":"2018-07-03T14:52:31","date_gmt":"2018-07-03T12:52:31","guid":{"rendered":"https:\/\/cristina.cat\/exposicio-collectiva-font-de-la-guatlla\/"},"modified":"2021-07-08T12:02:07","modified_gmt":"2021-07-08T10:02:07","slug":"exposicion-colectiva-font-de-la-guatlla","status":"publish","type":"post","link":"https:\/\/cristina.cat\/es\/exposicion-colectiva-font-de-la-guatlla\/","title":{"rendered":"Colectiva en la sala de exposiciones del CC Font de la Guatlla"},"content":{"rendered":"<p style=\"text-align: justify;\">La sala de exposiciones del <a href=\"http:\/\/ajuntament.barcelona.cat\/ccivics\/fontdelaguatlla\" target=\"_blank\" rel=\"noopener\">Centre C\u00edvic Font de la Guatlla<\/a>, de la calle Rab\u00ed Rub\u00e8n, 22 de Barcelona, acoge desde el 2 al 20 de julio de 2018, una exposici\u00f3n colectiva comisariada por el\u00a0<a href=\"http:\/\/www.retaule.org\/\" target=\"_blank\" rel=\"noopener\">centre d&#8217;arts i estudis Retaule<\/a>, con el guiaje de la escultora <a href=\"http:\/\/aliciaalegre-escultora.blogspot.com\/\" target=\"_blank\" rel=\"noopener\">Alicia Alegre.<\/a><\/p>\n<p style=\"text-align: justify;\">Se trata de una exposici\u00f3n que recoge obras de 15 artistas y sus distintas t\u00e9cnicas.<\/p>\n<p style=\"text-align: justify;\">Exponen: Kristina Kinderyt\u00e9, Anisia Oliva, Anna Chillida F., <a href=\"https:\/\/www.facebook.com\/LArt-de-Tere-Octubre-1036424979745522\/\" target=\"_blank\" rel=\"noopener\">Tere Octubre<\/a>, <a href=\"http:\/\/cristina.cat\">Cristina Freixas<\/a>, Claudia Jacqueline, <a href=\"https:\/\/corominasmassa.wordpress.com\/\">Josep M Corominas<\/a>, Marina Rosell\u00f3, Ferran Pisa, Marta Gili, Lina Padura, Olga Rivera, Pere Huguet, Terera Tusell i Fina.<\/p>\n\n    <!--Link CSS Files-->\n    <link href=\"https:\/\/cristina.cat\/wp-content\/plugins\/grid-kit-premium\/css\/viewer\/lightgallery\/css\/lightgallery.css\" rel=\"stylesheet\" type=\"text\/css\" \/>\n    <link href=\"https:\/\/cristina.cat\/wp-content\/plugins\/grid-kit-premium\/css\/viewer\/lightgallery\/css\/lg-transitions.css\" rel=\"stylesheet\" type=\"text\/css\" \/>\n    <!--Link JS Files-->\n    <script src=\"https:\/\/cristina.cat\/wp-content\/plugins\/grid-kit-premium\/js\/viewer\/crp-lightgallery.js\"><\/script>\n    <script src=\"https:\/\/cristina.cat\/wp-content\/plugins\/grid-kit-premium\/js\/viewer\/lightgallery-modules\/lg-fullscreen.js\"><\/script>\n    <script src=\"https:\/\/cristina.cat\/wp-content\/plugins\/grid-kit-premium\/js\/viewer\/lightgallery-modules\/lg-thumbnail.js\"><\/script>\n    <script src=\"https:\/\/cristina.cat\/wp-content\/plugins\/grid-kit-premium\/js\/viewer\/lightgallery-modules\/lg-video.js\"><\/script>\n    <script src=\"https:\/\/cristina.cat\/wp-content\/plugins\/grid-kit-premium\/js\/viewer\/lightgallery-modules\/lg-autoplay.js\"><\/script>\n    <script src=\"https:\/\/cristina.cat\/wp-content\/plugins\/grid-kit-premium\/js\/viewer\/lightgallery-modules\/lg-zoom.js\"><\/script>\n    <script src=\"https:\/\/cristina.cat\/wp-content\/plugins\/grid-kit-premium\/js\/viewer\/lightgallery-modules\/lg-hash.js\"><\/script>\n    <script src=\"https:\/\/cristina.cat\/wp-content\/plugins\/grid-kit-premium\/js\/viewer\/lightgallery-modules\/lg-share.js\"><\/script>\n    <script src=\"https:\/\/cristina.cat\/wp-content\/plugins\/grid-kit-premium\/js\/viewer\/lightgallery-modules\/lg-pager.js\"><\/script>\n\n    \n\t\t\t<!--Link CSS Files-->\n\t\t\t<link href=\"https:\/\/cristina.cat\/wp-content\/plugins\/grid-kit-premium\/css\/crp-captions.css\" rel=\"stylesheet\" type=\"text\/css\" \/>\n\t\t\t<link href=\"https:\/\/cristina.cat\/wp-content\/plugins\/grid-kit-premium\/css\/crp-tiled-layer.css\" rel=\"stylesheet\" type=\"text\/css\" \/>\n\t\t\t<link href=\"https:\/\/cristina.cat\/wp-content\/plugins\/grid-kit-premium\/css\/crp-hover.css\" rel=\"stylesheet\" type=\"text\/css\" \/>\n\t\t\t<link href=\"https:\/\/cristina.cat\/wp-content\/plugins\/grid-kit-premium\/css\/crp-filters.css\" rel=\"stylesheet\" type=\"text\/css\" \/>\n\t\t\t<link href=\"https:\/\/cristina.cat\/wp-content\/plugins\/grid-kit-premium\/css\/crp-pages.css\" rel=\"stylesheet\" type=\"text\/css\" \/>\n\n\t\t\t<!--Link JS Files-->\n\t\t\t<script src=\"https:\/\/cristina.cat\/wp-content\/plugins\/grid-kit-premium\/js\/jquery\/jquery.modernizr.min.js\"><\/script>\n\t\t\t<script src=\"https:\/\/cristina.cat\/wp-content\/plugins\/grid-kit-premium\/js\/crp-tiled-layer.js\"><\/script>\n\n\t\t\t\n\t\t<style>\n\t\t\t\/* Portfolio Options Configuration Goes Here*\/\n\t\t\t.gallery-4 div{\n\t\t\t\tmargin-left: 0px !important;\n\t\t\t\tmargin-right: 0px !important;\n\t\t\t\tpadding-left: 0px !important;\n\t\t\t\tpadding-right: 0px !important;\n\t\t\t}\n\n\t\t\t.crp-wrapper{\n\t\t\t\twidth: 100% !important;\n\t\t\t\tmargin-left: auto !important;\n\t\t\t\tmargin-right: auto !important;\n\t\t\t}\n\n\t\t\t.gallery-4  .ftg-pages {\n\t\t\t\tfloat: right;\t\t\t\t\t\t\t}\n\n\t\t\t.gallery-4  #crp_preloader .crp_progress_loaded {\n\t\t\t\tborder-bottom: 2px solid #5c9b30 !important;\n\t\t\t}\n\n\t\t\t.gallery-4  .crp-smooth-loader i {\n\t\t\t\tcolor: #5c9b30 !important;\n\t\t\t}\n\n\t\t\t.gallery-4 .ftg-pages a {\n\t\t\t\tcolor: #969696;\n\t\t\t\tborder-color: #969696;\n\t\t\t\ttext-decoration: none !important;\n\t\t\t}\n\n\t\t\t.gallery-4 .ftg-pages a::after,\n\t\t\t.gallery-4 .ftg-pages a::before {\n\t\t\t\tbackground-color: #969696;\n\t\t\t}\n\n\t\t\t.gallery-4 .ftg-pages a:hover,\n\t\t\t.gallery-4 .ftg-pages a.selected,\n\t\t\t.gallery-4 .ftg-pages a.selected{\n\t\t\t\tcolor: #1e73be;\n\t\t\t\tborder-color: #1e73be;\n\t\t\t}\n\n\t\t\t.gallery-4 .ftg-pages a:hover::after,\n\t\t\t.gallery-4 .ftg-pages a.selected::after,\n\t\t\t.gallery-4 .ftg-pages a.selected::after,\n\t\t\t.gallery-4 .ftg-pages a:hover::before,\n\t\t\t.gallery-4 .ftg-pages a.selected::before,\n\t\t\t.gallery-4 .ftg-pages a.selected::before {\n\t\t\t\tbackground-color: #1e73be;\n\t\t\t}\n\n\t\t\t.gallery-4 .ftg-filters a {\n\t\t\t\tcolor: #969696;\n\t\t\t\tborder-color: #969696;\n\t\t\t\ttext-decoration: none !important;\n\t\t\t}\n\n\t\t\t.gallery-4 .ftg-filters a::after,\n\t\t\t.gallery-4 .ftg-filters a::before {\n\t\t\t\tbackground-color: #969696;\n\t\t\t}\n\n\t\t\t.gallery-4 .ftg-filters a:hover,\n\t\t\t.gallery-4 .ftg-filters a.selected,\n\t\t\t.gallery-4 .ftg-filters a.selected{\n\t\t\t\tcolor: #1e73be;\n\t\t\t\tborder-color: #1e73be;\n\t\t\t}\n\n\t\t\t.gallery-4 .ftg-filters a:hover::after,\n\t\t\t.gallery-4 .ftg-filters a.selected::after,\n\t\t\t.gallery-4 .ftg-filters a.selected::after,\n\t\t\t.gallery-4 .ftg-filters a:hover::before,\n\t\t\t.gallery-4 .ftg-filters a.selected::before,\n\t\t\t.gallery-4 .ftg-filters a.selected::before {\n\t\t\t\tbackground-color: #1e73be;\n\t\t\t}\n\n\t\t\t.gallery-4 .crp-tile:hover{\n\t\t\t\tcursor: pointer !important;\n\t\t\t}\n\n\n\t\t\t\/* - - - - - - - - - - - - - - -*\/\n\t\t\t\/* Tile Hover Customizations *\/\n\n\t\t\t\/* Customize overlay background *\/\n\t\t\t.gallery-4 .crp-tile .crp-tile-inner .overlay,\n\t\t\t.gallery-4 .crp-tile .crp-tile-inner .overlayT,\n\t\t\t.gallery-4 .crp-tile .crp-tile-inner .overlayB,\n\t\t\t.gallery-4 .crp-tile .crp-tile-inner .overlayL,\n\t\t\t.gallery-4 .crp-tile .crp-tile-inner .overlayR {\n\t\t\t\tbackground-color: rgba(255,255,255,0.65098039215686) !important;\n\t\t\t}\n\n\t\t\t.gallery-4 .crp-tile .crp-tile-inner.crp-details-bg .details {\n\t\t\t\tbackground-color: rgba(255,255,255,0.65098039215686) !important;\n\t\t\t}\n\n\t\t\t\/* Cusomize link & zoom icons *\/\n\t\t\t.gallery-4 .crp-tile .crp-tile-inner .ic-link,\n\t\t\t.gallery-4 .crp-tile .crp-tile-inner .ic-search{\n\t\t\t\tbackground-color: rgba(255,255,255,0.73333333333333) !important;\n\t\t\t\tcolor: #000000;\n\t\t\t}\n\n\t\t\t.gallery-4 .crp-tile .crp-tile-inner .ic-link i,\n\t\t\t.gallery-4 .crp-tile .crp-tile-inner .ic-search i {\n\t\t\t\tcolor: #000000;\n\t\t\t}\n\n\t\t\t.gallery-4 .crp-tile .crp-tile-inner .ic-link::after,\n\t\t\t.gallery-4 .crp-tile .crp-tile-inner .ic-search::after,\n\t\t\t.gallery-4 .crp-tile .crp-tile-inner .ic-link::before,\n\t\t\t.gallery-4 .crp-tile .crp-tile-inner .ic-search::before{\n\t\t\t\tbackground-color: rgba(255,255,255,1) !important;\n\t\t\t\tcolor: #000000;\n\t\t\t}\n\n\t\t\t.gallery-4 .crp-tile  .details h3 {\n\t\t\t\tcolor: #424242;\n\t\t\t\ttext-align: center;\n\t\t\t\tfont-size: 18px;\n                line-height: 20px;\n                font-weight: normal;\t\t\t}\n\n\t\t\t.gallery-4 .crp-tile  .details p {\n\t\t\t\tcolor: #424242;\n\t\t\t\ttext-align: center;\n\t\t\t\tfont-size: 13px;\n\t\t\t\tline-height: 15px;\n                font-weight: normal;\t\t\t}\n\n\t\t\t\n\t\t\t\/* Remove link icon *\/\n\t\t\t\n\n\t\t\t\n            .gallery-4 .crp-tile .crp-tile-inner.crp-has-custom-link.crp-has-fb-link .ic-link,\n            .gallery-4 .crp-tile:hover .crp-tile-inner.crp-has-custom-link.crp-has-fb-link .ic-link{\n                margin-left: -45px !important;\n            }\n\n            .gallery-4 .crp-tile .crp-tile-inner.crp-has-custom-link.crp-has-fb-link .ic-link.ic-fb-link,\n            .gallery-4 .crp-tile:hover .crp-tile-inner.crp-has-custom-link.crp-has-fb-link .ic-link.ic-fb-link{\n                margin-left: 5px !important;\n            }\n\n            .gallery-4 .crp-tile .crp-tile-inner.crp-has-custom-link.crp-has-ln-link .ic-link,\n            .gallery-4 .crp-tile:hover .crp-tile-inner.crp-has-custom-link.crp-has-ln-link .ic-link{\n                margin-left: -45px !important;\n            }\n\n            .gallery-4 .crp-tile .crp-tile-inner.crp-has-custom-link.crp-has-ln-link .ic-link.ic-ln-link,\n            .gallery-4 .crp-tile:hover .crp-tile-inner.crp-has-custom-link.crp-has-ln-link .ic-link.ic-ln-link{\n                margin-left: 5px !important;\n            }\n\n            .gallery-4 .crp-tile .crp-tile-inner.crp-has-fb-link.crp-has-ln-link .ic-link.ic-fb-link,\n            .gallery-4 .crp-tile:hover .crp-tile-inner.crp-has-fb-link.crp-has-ln-link .ic-link.ic-fb-link{\n                margin-left: -45px !important;\n            }\n\n            .gallery-4 .crp-tile .crp-tile-inner.crp-has-fb-link.crp-has-ln-link .ic-link.ic-ln-link,\n            .gallery-4 .crp-tile:hover .crp-tile-inner.crp-has-fb-link.crp-has-ln-link .ic-link.ic-ln-link{\n                margin-left: 5px !important;\n            }\n\n            .gallery-4 .crp-tile .crp-tile-inner.crp-has-custom-link.crp-has-fb-link.crp-has-ln-link .ic-link,\n            .gallery-4 .crp-tile:hover .crp-tile-inner.crp-has-custom-link.crp-has-fb-link.crp-has-ln-link .ic-link{\n                margin-left: -70px !important;\n            }\n\n            .gallery-4 .crp-tile .crp-tile-inner.crp-has-custom-link.crp-has-fb-link.crp-has-ln-link .ic-link.ic-fb-link,\n            .gallery-4 .crp-tile:hover .crp-tile-inner.crp-has-custom-link.crp-has-fb-link.crp-has-ln-link .ic-link.ic-fb-link{\n                margin-left: -20px !important;\n            }\n\n            .gallery-4 .crp-tile .crp-tile-inner.crp-has-custom-link.crp-has-fb-link.crp-has-ln-link .ic-link.ic-ln-link,\n            .gallery-4 .crp-tile:hover .crp-tile-inner.crp-has-custom-link.crp-has-fb-link.crp-has-ln-link .ic-link.ic-ln-link{\n                margin-left: 30px !important;\n            }\n\n\t\t\t.gallery-4 .crp-tile .crp-tile-inner.crp-fix-explore-icon-pos .ic-search {\n\t\t\t\tmargin-left: -20px !important;\n\t\t\t}\n\n\t\t\t#colorbox, #cboxOverlay {\n\t\t\t\tz-index: 9999999;\n\t\t\t}\n\n\t\t\t\/* fix screen cropping *\/\n\t\t\tbody.lg-on {\n\t\t\t\ttext-align: left !important;\n\t\t\t}\n\n\n            \n\n            .fixed-size.lg-outer .lg-sub-html h4{\n                text-align: center;\n            }\n            .fixed-size.lg-outer .lg-sub-html p {\n                display: none;\n            }\n\n            .fixed-size.lg-outer .lg-inner {\n                background-color: none!important;\n            }\n            .fixed-size.lg-outer .lg-sub-html {\n                position: absolute;\n                text-align: center;\n                margin: 0 auto;\n            }\n                        .fixed-size.fixed-size-4.lg-outer .lg-sub-html {\n                top: auto !important;\n                bottom: 0;\n                background: transparent !important;\n                width: 100%;\n            }\n            .fixed-size.fixed-size-4.lg-outer .lg-inner .lg-img-wrap {\n                padding: 10px 5px 40px 5px;\n            }\n            \n            .fixed-size.lg-outer .lg-toolbar {\n                background-color: transparent;\n                height: 0;\n            }\n            .fixed-size.lg-outer .lg-toolbar .lg-icon {\n                color: #FFF;\n            }\n\n            \n            .crp-popup-fixed-theme-light.lg-outer .lg-inner {\n                border: 1px solid #b3b3b3;\n            }\n\n            .crp-popup-full-theme-light.lg-outer .lg-toolbar {\n                background-color: rgba(255, 255, 255, 0.7);\n                -webkit-box-shadow: grey 0px 0px 15px 0px;\n                -moz-box-shadow: grey 0px 0px 15px 0px;\n                box-shadow: grey 0px 0px 15px 0px;\n            }\n\n            .crp-popup-full-theme-light.lg-outer .lg-actions .lg-prev,\n            .crp-popup-full-theme-light.lg-outer .lg-actions .lg-next {\n                background-color: rgba(255, 255, 255, 0.7);\n                border: 1px solid #b3b3b3;\n            }\n\n            .crp-popup-full-theme-light.lg-outer .lg-toogle-thumb,\n            .crp-popup-full-theme-light.lg-outer #lg-counter,\n            .crp-popup-full-theme-light.lg-outer .lg-toolbar .lg-icon,\n            .crp-popup-full-theme-light.lg-outer .lg-actions .lg-prev,\n            .crp-popup-full-theme-light.lg-outer .lg-actions .lg-next {\n                color: grey;\n            }\n\n            .crp-popup-simple-theme-light.lg-outer .lg-actions .lg-prev,\n            .crp-popup-simple-theme-light.lg-outer .lg-actions .lg-next {\n                background-color: rgba(255, 255, 255, 0.7);\n                color: gray;\n                border: 1px solid gray;\n            }\n            .crp-popup-simple-theme-light.lg-outer #lg-counter,\n            .crp-popup-simple-theme-light.lg-outer .lg-toolbar .lg-icon {\n                color: gray;\n            }\n\n            .crp-popup-simple-theme-light.lg-outer .lg-toolbar .lg-close:hover,\n            .crp-popup-simple-theme-light.lg-outer .lg-actions .lg-prev:hover,\n            .crp-popup-simple-theme-light.lg-outer .lg-actions .lg-next:hover {\n                color: darkslategrey;\n            }\n\n            .crp-popup-simple-theme-light.lg-outer .lg-sub-html *,\n            .crp-popup-full-theme-light.lg-outer .lg-toolbar .lg-icon:hover,\n            .crp-popup-full-theme-light.lg-outer .lg-actions .lg-prev:hover,\n            .crp-popup-full-theme-light.lg-outer .lg-actions .lg-next:hover,\n            .crp-popup-full-theme-light.lg-outer .lg-toogle-thumb:hover {\n                color: rgb(66, 66, 66);\n            }\n\n            .crp-popup-full-theme-light.lg-outer .lg-sub-html {\n                background-color: rgba(255, 255, 255, 0.7);\n                -webkit-box-shadow: grey 0px 0px 15px 0px;\n                -moz-box-shadow: grey 0px 0px 15px 0px;\n                box-shadow: grey 0px 0px 15px 0px;\n            }\n            .crp-popup-full-theme-light.lg-outer .lg-sub-html * {\n                color: darkslategrey;\n            }\n\n            .crp-popup-fixed-theme-light.lg-outer .lg-actions .lg-prev,\n            .crp-popup-fixed-theme-light.lg-outer .lg-actions .lg-next {\n                background-color: rgba(255, 255, 255, 0.7) !important;\n                color: grey;\n            }\n\n            .crp-popup-fixed-theme-light.lg-outer .lg-actions .lg-prev:hover,\n            .crp-popup-fixed-theme-light.lg-outer .lg-actions .lg-next:hover,\n            .crp-popup-fixed-theme-light.lg-outer .lg-toolbar .lg-icon:hover {\n                color: darkslategrey;\n            }\n\n            .crp-popup-fixed-theme-dark.lg-outer .lg-actions .lg-prev,\n            .crp-popup-fixed-theme-dark.lg-outer .lg-actions .lg-next {\n                color: #cbcbcb;\n            }\n\n            .crp-popup-fixed-theme-dark.lg-outer .lg-actions .lg-prev:hover,\n            .crp-popup-fixed-theme-dark.lg-outer .lg-actions .lg-next:hover,\n            .crp-popup-fixed-theme-dark.lg-outer .lg-toolbar .lg-icon:hover {\n                color: #ffffff;\n            }\n\n            .crp-popup-fixed-theme-light.lg-outer .lg-sub-html {\n                background-color: rgba(255, 255, 255, 0.7) !important;\n                margin: 1px;\n            }\n            .crp-popup-fixed-theme-light.lg-outer .lg-sub-html * {\n                color: darkslategrey!important;\n            }\n\n            .crp-popup-fixed-theme-light.lg-outer .lg-inner {\n                background-color: #fff;\n            }\n\n            .crp-popup-full-theme-light.lg-outer .lg-toogle-thumb {\n                background-color: rgba(255,255,255,0.5);\n                border: 1px solid #b3b3b3;\n                border-bottom: none!important;\n            }\n\n            .crp-popup-full-theme-dark.lg-outer .lg-toogle-thumb {\n                background-color: rgba(0,0,0,0.5);\n            }\n\n            .crp-full-popup.lg-outer .lg-toolbar a {\n                -webkit-box-shadow: none !important;\n                -moz-box-shadow: none !important;\n                box-shadow: none !important;\n                text-decoration: none!important;\n            }\n\n            .crp-popup-full-theme-light.lg-outer.lg-thumb-open .lg-thumb-outer {\n                background-color: #fff;\n                -webkit-box-shadow: grey 2px 2px 20px 2px;\n                -moz-box-shadow: grey 2px 2px 20px 2px;\n                box-shadow: grey 2px 2px 20px 2px;\n            }\n\n            .crp-popup-full-theme-light.lg-outer .lg-thumb-outer .lg-thumb-item {\n                border: 1px solid #999!important;\n            }\n            .crp-popup-full-theme-light.lg-outer .lg-thumb-outer .lg-thumb-item.active {\n                border: 1px solid #a90707!important;\n            }\n\n            .fixed-size-frame.lg-outer .lg-img-wrap {\n                padding: 0 0 8px 0!important;\n            }\n\n            .lg-pager-thumb-cont {\n                display: none!important;\n            }\n\n            .lg-thumb-item {\n                cursor: pointer !important;    \n            }\n            \n            .lg-backdrop.crp-3-popup-backdrop {\n                opacity: 0.7!important;\n            }\n\n            .lg-backdrop.crp-2-popup-backdrop {\n                opacity: 0.85!important;\n            }\n\n            .lg-backdrop.crp-1-popup-backdrop {\n                opacity: 1!important;\n            }\n            .fixed-size-frame.lg-outer .lg-close {\n                margin: -20px -20px 0 0 !important;\n                width: 40px;\n                height: 40px;\n                padding-top: 5px!important;\n            }\n            .crp-popup-fixed-theme-light.lg-outer .lg-close {\n                background-color: rgb(255, 255, 255);\n                border: 1px solid #b3b3b3;\n                color: #b3b3b3;\n            }\n\n            .crp-popup-fixed-theme-dark.lg-outer .lg-close {\n                background-color: rgba(0, 0, 0, 0.7);\n                border: 1px solid #000000;\n                color: #cbcbcb;\n            }\n\n            .fixed-size-frame.lg-outer .lg {\n                overflow: visible!important;\n            }\n\n            .fixed-size-frame.lg-outer .lg-inner {\n                overflow: hidden!important;\n            }\n\n            .crp-popup-thumbs-grid.lg-outer .lg-thumb {\n                padding: 10px!important;\n                max-height: 250px;\n                overflow-y: scroll;\n            }\n            .lg-outer .lg-pager-outer {\n                top: 64px!important;\n                bottom: auto!important;\n            }\n\n            @media(max-width: 750px) {\n                .crp-popup-fixed-theme-light.lg-outer .lg-close {\n                    margin: 0px 0px 0 0 !important;\n                    background-color: rgba(255, 255, 255, 0);\n                    border: 0px solid #b3b3b3;\n                    color: #b3b3b3;\n                    width: 45px;\n                    height: 45px;\n                    padding-top: 10px!important;\n                }\n\n                .crp-popup-fixed-theme-dark.lg-outer .lg-close {\n                    margin: 0px 0px 0 0 !important;\n                    background-color: rgba(255, 255, 255, 0);\n                    border: 0px solid #b3b3b3;\n                    color: #ffffff;\n                    width: 45px;\n                    height: 45px;\n                    padding-top: 10px!important;\n                }\n            }\n\n        <\/style>\n\n\t\t\n\n<script>\n    var GKIT_NO_PRIV_AJAX_URL = '\/wp-admin\/admin-ajax.php';\n    var CRP_DATASOURCE_4 = {};\n    var CRP_GALLERY_DATASOURCE_4 = new Array();\n<\/script>\n\n\n<!--Here Goes HTML-->\n<div id=\"crp-content-4\" class=\"crp-content\"><div class=\"crp-wrapper\"><div data-lazy-load=\"0\" id=\"gallery-4\" class=\"gallery-4\" style=\"display:none;\"><div id=\"ftg-items\" class=\"ftg-items\"><div id=\"crp-tile-51\" class=\"crp-tile ftg- \" data-url=\"http:\/\/ajuntament.barcelona.cat\/ccivics\/fontdelaguatlla\"><div id='51' class='crp-tile-inner crp-tile-pic button06 overlay00 share20 details27 image01   crp-has-custom-link'><img class='crp-tile-img' src='https:\/\/cristina.cat\/wp-content\/uploads\/2018\/07\/Font_Guatlla_13.jpg' alt='' title='Font_Guatlla_13' caption='' description='' data-width='750' data-height='563' \/><div class='overlay'><\/div><div class='overlayT'><\/div><div class='overlayB'><\/div><div class='overlayL'><\/div><div class='overlayR'><\/div><div class='details'><h3>Centre C\u00edvic Font de la Guatlla<\/h3><p><\/p><\/div><a href='http:\/\/ajuntament.barcelona.cat\/ccivics\/fontdelaguatlla' class='ic ic-link crp-hvr crp-hvr-overline-from-center' target='_blank'><i class='fa fa-link'><\/i><\/a><a class='ic ic-search crp-hvr crp-hvr-overline-from-center' ><i class='fa fa-search'><\/i><\/a><\/div><script>CRP_GALLERY_DATASOURCE_4.push({'facebookShareUrl': 'https:\/\/cristina.cat\/wp-content\/uploads\/2018\/07\/Font_Guatlla_13.jpg','twitterShareUrl': 'https:\/\/cristina.cat\/wp-content\/uploads\/2018\/07\/Font_Guatlla_13.jpg','pinterestShareUrl': 'https:\/\/cristina.cat\/wp-content\/uploads\/2018\/07\/Font_Guatlla_13.jpg','googleplusShareUrl': 'https:\/\/cristina.cat\/wp-content\/uploads\/2018\/07\/Font_Guatlla_13.jpg', 'tweetText': 'Centre C\u00edvic Font de la Guatlla', 'pinterestText': 'Centre C\u00edvic Font de la Guatlla','id': '51', 'src': 'https:\/\/cristina.cat\/wp-content\/uploads\/2018\/07\/Font_Guatlla_13.jpg', 'thumb': 'https:\/\/cristina.cat\/wp-content\/uploads\/2018\/07\/Font_Guatlla_13.jpg', 'subHtml': '<h4>Centre C\u00edvic Font de la Guatlla<\/h4>', 'downloadUrl': 'http:\/\/ajuntament.barcelona.cat\/ccivics\/fontdelaguatlla'});<\/script><\/div><div id=\"crp-tile-47\" class=\"crp-tile ftg- \" data-url=\"\"><div id='47' class='crp-tile-inner crp-tile-pic button06 overlay00 share20 details27 image01 crp-fix-explore-icon-pos '><img class='crp-tile-img' src='https:\/\/cristina.cat\/wp-content\/uploads\/2018\/07\/Font_Guatlla_27.jpg' alt='' title='Font_Guatlla_27' caption='' description='' data-width='750' data-height='563' \/><div class='overlay'><\/div><div class='overlayT'><\/div><div class='overlayB'><\/div><div class='overlayL'><\/div><div class='overlayR'><\/div><div class='details'><h3>Exposici\u00f3 col\u00b7lectiva - Centre C\u00edvic Font de la Guatlla<\/h3><p><\/p><\/div><a class='ic ic-search crp-hvr crp-hvr-overline-from-center' ><i class='fa fa-search'><\/i><\/a><\/div><script>CRP_GALLERY_DATASOURCE_4.push({'facebookShareUrl': 'https:\/\/cristina.cat\/wp-content\/uploads\/2018\/07\/Font_Guatlla_27.jpg','twitterShareUrl': 'https:\/\/cristina.cat\/wp-content\/uploads\/2018\/07\/Font_Guatlla_27.jpg','pinterestShareUrl': 'https:\/\/cristina.cat\/wp-content\/uploads\/2018\/07\/Font_Guatlla_27.jpg','googleplusShareUrl': 'https:\/\/cristina.cat\/wp-content\/uploads\/2018\/07\/Font_Guatlla_27.jpg', 'tweetText': 'Exposici\u00f3 col\u00b7lectiva - Centre C\u00edvic Font de la Guatlla', 'pinterestText': 'Exposici\u00f3 col\u00b7lectiva - Centre C\u00edvic Font de la Guatlla','id': '47', 'src': 'https:\/\/cristina.cat\/wp-content\/uploads\/2018\/07\/Font_Guatlla_27.jpg', 'thumb': 'https:\/\/cristina.cat\/wp-content\/uploads\/2018\/07\/Font_Guatlla_27.jpg', 'subHtml': '<h4>Exposici\u00f3 col\u00b7lectiva - Centre C\u00edvic Font de la Guatlla<\/h4>', 'downloadUrl': false});<\/script><\/div><div id=\"crp-tile-52\" class=\"crp-tile ftg- \" data-url=\"\"><div id='52' class='crp-tile-inner crp-tile-pic button06 overlay00 share20 details27 image01 crp-fix-explore-icon-pos '><img class='crp-tile-img' src='https:\/\/cristina.cat\/wp-content\/uploads\/2018\/07\/Font_Guatlla_12.jpg' alt='' title='Font_Guatlla_12' caption='' description='' data-width='750' data-height='563' \/><div class='overlay'><\/div><div class='overlayT'><\/div><div class='overlayB'><\/div><div class='overlayL'><\/div><div class='overlayR'><\/div><div class='details'><h3>Exposici\u00f3 col\u00b7lectiva - Centre C\u00edvic Font de la Guatlla<\/h3><p><\/p><\/div><a class='ic ic-search crp-hvr crp-hvr-overline-from-center' ><i class='fa fa-search'><\/i><\/a><\/div><script>CRP_GALLERY_DATASOURCE_4.push({'facebookShareUrl': 'https:\/\/cristina.cat\/wp-content\/uploads\/2018\/07\/Font_Guatlla_12.jpg','twitterShareUrl': 'https:\/\/cristina.cat\/wp-content\/uploads\/2018\/07\/Font_Guatlla_12.jpg','pinterestShareUrl': 'https:\/\/cristina.cat\/wp-content\/uploads\/2018\/07\/Font_Guatlla_12.jpg','googleplusShareUrl': 'https:\/\/cristina.cat\/wp-content\/uploads\/2018\/07\/Font_Guatlla_12.jpg', 'tweetText': 'Exposici\u00f3 col\u00b7lectiva - Centre C\u00edvic Font de la Guatlla', 'pinterestText': 'Exposici\u00f3 col\u00b7lectiva - Centre C\u00edvic Font de la Guatlla','id': '52', 'src': 'https:\/\/cristina.cat\/wp-content\/uploads\/2018\/07\/Font_Guatlla_12.jpg', 'thumb': 'https:\/\/cristina.cat\/wp-content\/uploads\/2018\/07\/Font_Guatlla_12.jpg', 'subHtml': '<h4>Exposici\u00f3 col\u00b7lectiva - Centre C\u00edvic Font de la Guatlla<\/h4>', 'downloadUrl': false});<\/script><\/div><div id=\"crp-tile-49\" class=\"crp-tile ftg- \" data-url=\"\"><div id='49' class='crp-tile-inner crp-tile-pic button06 overlay00 share20 details27 image01 crp-fix-explore-icon-pos '><img class='crp-tile-img' src='https:\/\/cristina.cat\/wp-content\/uploads\/2018\/07\/Font_Guatlla_25.jpg' alt='' title='Font_Guatlla_25' caption='' description='' data-width='750' data-height='563' \/><div class='overlay'><\/div><div class='overlayT'><\/div><div class='overlayB'><\/div><div class='overlayL'><\/div><div class='overlayR'><\/div><div class='details'><h3>Exposici\u00f3 col\u00b7lectiva - Centre C\u00edvic Font de la Guatlla<\/h3><p><\/p><\/div><a class='ic ic-search crp-hvr crp-hvr-overline-from-center' ><i class='fa fa-search'><\/i><\/a><\/div><script>CRP_GALLERY_DATASOURCE_4.push({'facebookShareUrl': 'https:\/\/cristina.cat\/wp-content\/uploads\/2018\/07\/Font_Guatlla_25.jpg','twitterShareUrl': 'https:\/\/cristina.cat\/wp-content\/uploads\/2018\/07\/Font_Guatlla_25.jpg','pinterestShareUrl': 'https:\/\/cristina.cat\/wp-content\/uploads\/2018\/07\/Font_Guatlla_25.jpg','googleplusShareUrl': 'https:\/\/cristina.cat\/wp-content\/uploads\/2018\/07\/Font_Guatlla_25.jpg', 'tweetText': 'Exposici\u00f3 col\u00b7lectiva - Centre C\u00edvic Font de la Guatlla', 'pinterestText': 'Exposici\u00f3 col\u00b7lectiva - Centre C\u00edvic Font de la Guatlla','id': '49', 'src': 'https:\/\/cristina.cat\/wp-content\/uploads\/2018\/07\/Font_Guatlla_25.jpg', 'thumb': 'https:\/\/cristina.cat\/wp-content\/uploads\/2018\/07\/Font_Guatlla_25.jpg', 'subHtml': '<h4>Exposici\u00f3 col\u00b7lectiva - Centre C\u00edvic Font de la Guatlla<\/h4>', 'downloadUrl': false});<\/script><\/div><div id=\"crp-tile-54\" class=\"crp-tile ftg- \" data-url=\"\"><div id='54' class='crp-tile-inner crp-tile-pic button06 overlay00 share20 details27 image01 crp-fix-explore-icon-pos '><img class='crp-tile-img' src='https:\/\/cristina.cat\/wp-content\/uploads\/2018\/07\/Font_Guatlla_2.jpg' alt='' title='Font_Guatlla_2' caption='' description='' data-width='750' data-height='563' \/><div class='overlay'><\/div><div class='overlayT'><\/div><div class='overlayB'><\/div><div class='overlayL'><\/div><div class='overlayR'><\/div><div class='details'><h3>Exposici\u00f3 col\u00b7lectiva - Centre C\u00edvic Font de la Guatlla<\/h3><p><\/p><\/div><a class='ic ic-search crp-hvr crp-hvr-overline-from-center' ><i class='fa fa-search'><\/i><\/a><\/div><script>CRP_GALLERY_DATASOURCE_4.push({'facebookShareUrl': 'https:\/\/cristina.cat\/wp-content\/uploads\/2018\/07\/Font_Guatlla_2.jpg','twitterShareUrl': 'https:\/\/cristina.cat\/wp-content\/uploads\/2018\/07\/Font_Guatlla_2.jpg','pinterestShareUrl': 'https:\/\/cristina.cat\/wp-content\/uploads\/2018\/07\/Font_Guatlla_2.jpg','googleplusShareUrl': 'https:\/\/cristina.cat\/wp-content\/uploads\/2018\/07\/Font_Guatlla_2.jpg', 'tweetText': 'Exposici\u00f3 col\u00b7lectiva - Centre C\u00edvic Font de la Guatlla', 'pinterestText': 'Exposici\u00f3 col\u00b7lectiva - Centre C\u00edvic Font de la Guatlla','id': '54', 'src': 'https:\/\/cristina.cat\/wp-content\/uploads\/2018\/07\/Font_Guatlla_2.jpg', 'thumb': 'https:\/\/cristina.cat\/wp-content\/uploads\/2018\/07\/Font_Guatlla_2.jpg', 'subHtml': '<h4>Exposici\u00f3 col\u00b7lectiva - Centre C\u00edvic Font de la Guatlla<\/h4>', 'downloadUrl': false});<\/script><\/div><div id=\"crp-tile-53\" class=\"crp-tile ftg- \" data-url=\"\"><div id='53' class='crp-tile-inner crp-tile-pic button06 overlay00 share20 details27 image01 crp-fix-explore-icon-pos '><img class='crp-tile-img' src='https:\/\/cristina.cat\/wp-content\/uploads\/2018\/07\/Font_Guatlla_1.jpg' alt='' title='Font_Guatlla_1' caption='' description='' data-width='750' data-height='563' \/><div class='overlay'><\/div><div class='overlayT'><\/div><div class='overlayB'><\/div><div class='overlayL'><\/div><div class='overlayR'><\/div><div class='details'><h3>Exposici\u00f3 col\u00b7lectiva - Centre C\u00edvic Font de la Guatlla<\/h3><p><\/p><\/div><a class='ic ic-search crp-hvr crp-hvr-overline-from-center' ><i class='fa fa-search'><\/i><\/a><\/div><script>CRP_GALLERY_DATASOURCE_4.push({'facebookShareUrl': 'https:\/\/cristina.cat\/wp-content\/uploads\/2018\/07\/Font_Guatlla_1.jpg','twitterShareUrl': 'https:\/\/cristina.cat\/wp-content\/uploads\/2018\/07\/Font_Guatlla_1.jpg','pinterestShareUrl': 'https:\/\/cristina.cat\/wp-content\/uploads\/2018\/07\/Font_Guatlla_1.jpg','googleplusShareUrl': 'https:\/\/cristina.cat\/wp-content\/uploads\/2018\/07\/Font_Guatlla_1.jpg', 'tweetText': 'Exposici\u00f3 col\u00b7lectiva - Centre C\u00edvic Font de la Guatlla', 'pinterestText': 'Exposici\u00f3 col\u00b7lectiva - Centre C\u00edvic Font de la Guatlla','id': '53', 'src': 'https:\/\/cristina.cat\/wp-content\/uploads\/2018\/07\/Font_Guatlla_1.jpg', 'thumb': 'https:\/\/cristina.cat\/wp-content\/uploads\/2018\/07\/Font_Guatlla_1.jpg', 'subHtml': '<h4>Exposici\u00f3 col\u00b7lectiva - Centre C\u00edvic Font de la Guatlla<\/h4>', 'downloadUrl': false});<\/script><\/div><div id=\"crp-tile-50\" class=\"crp-tile ftg- \" data-url=\"\"><div id='50' class='crp-tile-inner crp-tile-pic button06 overlay00 share20 details27 image01 crp-fix-explore-icon-pos '><img class='crp-tile-img' src='https:\/\/cristina.cat\/wp-content\/uploads\/2018\/07\/Font_Guatlla_14.jpg' alt='' title='Font_Guatlla_14' caption='' description='' data-width='750' data-height='563' \/><div class='overlay'><\/div><div class='overlayT'><\/div><div class='overlayB'><\/div><div class='overlayL'><\/div><div class='overlayR'><\/div><div class='details'><h3>Exposici\u00f3 col\u00b7lectiva - Centre C\u00edvic Font de la Guatlla<\/h3><p><\/p><\/div><a class='ic ic-search crp-hvr crp-hvr-overline-from-center' ><i class='fa fa-search'><\/i><\/a><\/div><script>CRP_GALLERY_DATASOURCE_4.push({'facebookShareUrl': 'https:\/\/cristina.cat\/wp-content\/uploads\/2018\/07\/Font_Guatlla_14.jpg','twitterShareUrl': 'https:\/\/cristina.cat\/wp-content\/uploads\/2018\/07\/Font_Guatlla_14.jpg','pinterestShareUrl': 'https:\/\/cristina.cat\/wp-content\/uploads\/2018\/07\/Font_Guatlla_14.jpg','googleplusShareUrl': 'https:\/\/cristina.cat\/wp-content\/uploads\/2018\/07\/Font_Guatlla_14.jpg', 'tweetText': 'Exposici\u00f3 col\u00b7lectiva - Centre C\u00edvic Font de la Guatlla', 'pinterestText': 'Exposici\u00f3 col\u00b7lectiva - Centre C\u00edvic Font de la Guatlla','id': '50', 'src': 'https:\/\/cristina.cat\/wp-content\/uploads\/2018\/07\/Font_Guatlla_14.jpg', 'thumb': 'https:\/\/cristina.cat\/wp-content\/uploads\/2018\/07\/Font_Guatlla_14.jpg', 'subHtml': '<h4>Exposici\u00f3 col\u00b7lectiva - Centre C\u00edvic Font de la Guatlla<\/h4>', 'downloadUrl': false});<\/script><\/div><div id=\"crp-tile-57\" class=\"crp-tile ftg- \" data-url=\"\"><div id='57' class='crp-tile-inner crp-tile-pic button06 overlay00 share20 details27 image01 crp-fix-explore-icon-pos '><img class='crp-tile-img' src='https:\/\/cristina.cat\/wp-content\/uploads\/2018\/07\/c.freixas-vol_de_tardor.jpg' alt='' title='c.freixas-vol_de_tardor' caption='' description='' data-width='750' data-height='646' \/><div class='overlay'><\/div><div class='overlayT'><\/div><div class='overlayB'><\/div><div class='overlayL'><\/div><div class='overlayR'><\/div><div class='details'><h3>Cristina Freixas - \"vol de tardor\"<\/h3><p>oli sobre ll\u00ed\n73x60 cm<\/p><\/div><a class='ic ic-search crp-hvr crp-hvr-overline-from-center' ><i class='fa fa-search'><\/i><\/a><\/div><script>CRP_GALLERY_DATASOURCE_4.push({'facebookShareUrl': 'https:\/\/cristina.cat\/wp-content\/uploads\/2018\/07\/c.freixas-vol_de_tardor.jpg','twitterShareUrl': 'https:\/\/cristina.cat\/wp-content\/uploads\/2018\/07\/c.freixas-vol_de_tardor.jpg','pinterestShareUrl': 'https:\/\/cristina.cat\/wp-content\/uploads\/2018\/07\/c.freixas-vol_de_tardor.jpg','googleplusShareUrl': 'https:\/\/cristina.cat\/wp-content\/uploads\/2018\/07\/c.freixas-vol_de_tardor.jpg', 'tweetText': 'Cristina Freixas - \"vol de tardor\"', 'pinterestText': 'Cristina Freixas - \"vol de tardor\"','id': '57', 'src': 'https:\/\/cristina.cat\/wp-content\/uploads\/2018\/07\/c.freixas-vol_de_tardor.jpg', 'thumb': 'https:\/\/cristina.cat\/wp-content\/uploads\/2018\/07\/c.freixas-vol_de_tardor.jpg', 'subHtml': '<h4>Cristina Freixas - \\\"vol de tardor\\\"<\/h4><p>oli sobre ll\u00ed<\/br>73x60 cm<\/p>', 'downloadUrl': false});<\/script><\/div><div id=\"crp-tile-59\" class=\"crp-tile ftg- \" data-url=\"\"><div id='59' class='crp-tile-inner crp-tile-pic button06 overlay00 share20 details27 image01 crp-fix-explore-icon-pos '><img class='crp-tile-img' src='https:\/\/cristina.cat\/wp-content\/uploads\/2018\/07\/a.oliva-segarra.jpg' alt='' title='a.oliva-segarra' caption='' description='' data-width='750' data-height='1013' \/><div class='overlay'><\/div><div class='overlayT'><\/div><div class='overlayB'><\/div><div class='overlayL'><\/div><div class='overlayR'><\/div><div class='details'><h3>Anisia Oliva Vilar\u00f3 - \"cam\u00ed de la Segarra\"<\/h3><p>oli sobre tela\n50x70 cm<\/p><\/div><a class='ic ic-search crp-hvr crp-hvr-overline-from-center' ><i class='fa fa-search'><\/i><\/a><\/div><script>CRP_GALLERY_DATASOURCE_4.push({'facebookShareUrl': 'https:\/\/cristina.cat\/wp-content\/uploads\/2018\/07\/a.oliva-segarra.jpg','twitterShareUrl': 'https:\/\/cristina.cat\/wp-content\/uploads\/2018\/07\/a.oliva-segarra.jpg','pinterestShareUrl': 'https:\/\/cristina.cat\/wp-content\/uploads\/2018\/07\/a.oliva-segarra.jpg','googleplusShareUrl': 'https:\/\/cristina.cat\/wp-content\/uploads\/2018\/07\/a.oliva-segarra.jpg', 'tweetText': 'Anisia Oliva Vilar\u00f3 - \"cam\u00ed de la Segarra\"', 'pinterestText': 'Anisia Oliva Vilar\u00f3 - \"cam\u00ed de la Segarra\"','id': '59', 'src': 'https:\/\/cristina.cat\/wp-content\/uploads\/2018\/07\/a.oliva-segarra.jpg', 'thumb': 'https:\/\/cristina.cat\/wp-content\/uploads\/2018\/07\/a.oliva-segarra.jpg', 'subHtml': '<h4>Anisia Oliva Vilar\u00f3 - \\\"cam\u00ed de la Segarra\\\"<\/h4><p>oli sobre tela<\/br>50x70 cm<\/p>', 'downloadUrl': false});<\/script><\/div><div id=\"crp-tile-58\" class=\"crp-tile ftg- \" data-url=\"\"><div id='58' class='crp-tile-inner crp-tile-pic button06 overlay00 share20 details27 image01 crp-fix-explore-icon-pos '><img class='crp-tile-img' src='https:\/\/cristina.cat\/wp-content\/uploads\/2018\/07\/a.chillida-cami_ogassa.jpg' alt='' title='a.chillida-cami_ogassa' caption='' description='' data-width='750' data-height='573' \/><div class='overlay'><\/div><div class='overlayT'><\/div><div class='overlayB'><\/div><div class='overlayL'><\/div><div class='overlayR'><\/div><div class='details'><h3>A. Chillida F. - \"cam\u00ed d'Ogassa\"<\/h3><p>Aquarel\u00b7la\n42x30 cm<\/p><\/div><a class='ic ic-search crp-hvr crp-hvr-overline-from-center' ><i class='fa fa-search'><\/i><\/a><\/div><script>CRP_GALLERY_DATASOURCE_4.push({'facebookShareUrl': 'https:\/\/cristina.cat\/wp-content\/uploads\/2018\/07\/a.chillida-cami_ogassa.jpg','twitterShareUrl': 'https:\/\/cristina.cat\/wp-content\/uploads\/2018\/07\/a.chillida-cami_ogassa.jpg','pinterestShareUrl': 'https:\/\/cristina.cat\/wp-content\/uploads\/2018\/07\/a.chillida-cami_ogassa.jpg','googleplusShareUrl': 'https:\/\/cristina.cat\/wp-content\/uploads\/2018\/07\/a.chillida-cami_ogassa.jpg', 'tweetText': 'A. Chillida F. - \"cam\u00ed d'Ogassa\"', 'pinterestText': 'A. Chillida F. - \"cam\u00ed d'Ogassa\"','id': '58', 'src': 'https:\/\/cristina.cat\/wp-content\/uploads\/2018\/07\/a.chillida-cami_ogassa.jpg', 'thumb': 'https:\/\/cristina.cat\/wp-content\/uploads\/2018\/07\/a.chillida-cami_ogassa.jpg', 'subHtml': '<h4>A. Chillida F. - \\\"cam\u00ed d\\'Ogassa\\\"<\/h4><p>Aquarel\u00b7la<\/br>42x30 cm<\/p>', 'downloadUrl': false});<\/script><\/div><div id=\"crp-tile-55\" class=\"crp-tile ftg- \" data-url=\"\"><div id='55' class='crp-tile-inner crp-tile-pic button06 overlay00 share20 details27 image01 crp-fix-explore-icon-pos '><img class='crp-tile-img' src='https:\/\/cristina.cat\/wp-content\/uploads\/2018\/07\/c.jacqueline-boby.jpg' alt='' title='c.jacqueline-boby' caption='' description='' data-width='750' data-height='936' \/><div class='overlay'><\/div><div class='overlayT'><\/div><div class='overlayB'><\/div><div class='overlayL'><\/div><div class='overlayR'><\/div><div class='details'><h3>Claudia Jacqueline- \"Boby\"<\/h3><p>oli sobre tela\n33x41 cm<\/p><\/div><a class='ic ic-search crp-hvr crp-hvr-overline-from-center' ><i class='fa fa-search'><\/i><\/a><\/div><script>CRP_GALLERY_DATASOURCE_4.push({'facebookShareUrl': 'https:\/\/cristina.cat\/wp-content\/uploads\/2018\/07\/c.jacqueline-boby.jpg','twitterShareUrl': 'https:\/\/cristina.cat\/wp-content\/uploads\/2018\/07\/c.jacqueline-boby.jpg','pinterestShareUrl': 'https:\/\/cristina.cat\/wp-content\/uploads\/2018\/07\/c.jacqueline-boby.jpg','googleplusShareUrl': 'https:\/\/cristina.cat\/wp-content\/uploads\/2018\/07\/c.jacqueline-boby.jpg', 'tweetText': 'Claudia Jacqueline- \"Boby\"', 'pinterestText': 'Claudia Jacqueline- \"Boby\"','id': '55', 'src': 'https:\/\/cristina.cat\/wp-content\/uploads\/2018\/07\/c.jacqueline-boby.jpg', 'thumb': 'https:\/\/cristina.cat\/wp-content\/uploads\/2018\/07\/c.jacqueline-boby.jpg', 'subHtml': '<h4>Claudia Jacqueline- \\\"Boby\\\"<\/h4><p>oli sobre tela<\/br>33x41 cm<\/p>', 'downloadUrl': false});<\/script><\/div><div id=\"crp-tile-48\" class=\"crp-tile ftg- \" data-url=\"\"><div id='48' class='crp-tile-inner crp-tile-pic button06 overlay00 share20 details27 image01 crp-fix-explore-icon-pos '><img class='crp-tile-img' src='https:\/\/cristina.cat\/wp-content\/uploads\/2018\/07\/j.corominas-sifo_limoncello.jpg' alt='' title='j.corominas-sifo_limoncello' caption='' description='' data-width='750' data-height='881' \/><div class='overlay'><\/div><div class='overlayT'><\/div><div class='overlayB'><\/div><div class='overlayL'><\/div><div class='overlayR'><\/div><div class='details'><h3>Josep M Corominas - \"sif\u00f3 & limoncello\"<\/h3><p>oli sobre tela\n33x41 cm<\/p><\/div><a class='ic ic-search crp-hvr crp-hvr-overline-from-center' ><i class='fa fa-search'><\/i><\/a><\/div><script>CRP_GALLERY_DATASOURCE_4.push({'facebookShareUrl': 'https:\/\/cristina.cat\/wp-content\/uploads\/2018\/07\/j.corominas-sifo_limoncello.jpg','twitterShareUrl': 'https:\/\/cristina.cat\/wp-content\/uploads\/2018\/07\/j.corominas-sifo_limoncello.jpg','pinterestShareUrl': 'https:\/\/cristina.cat\/wp-content\/uploads\/2018\/07\/j.corominas-sifo_limoncello.jpg','googleplusShareUrl': 'https:\/\/cristina.cat\/wp-content\/uploads\/2018\/07\/j.corominas-sifo_limoncello.jpg', 'tweetText': 'Josep M Corominas - \"sif\u00f3 & limoncello\"', 'pinterestText': 'Josep M Corominas - \"sif\u00f3 & limoncello\"','id': '48', 'src': 'https:\/\/cristina.cat\/wp-content\/uploads\/2018\/07\/j.corominas-sifo_limoncello.jpg', 'thumb': 'https:\/\/cristina.cat\/wp-content\/uploads\/2018\/07\/j.corominas-sifo_limoncello.jpg', 'subHtml': '<h4>Josep M Corominas - \\\"sif\u00f3 & limoncello\\\"<\/h4><p>oli sobre tela<\/br>33x41 cm<\/p>', 'downloadUrl': false});<\/script><\/div><div id=\"crp-tile-46\" class=\"crp-tile ftg- \" data-url=\"\"><div id='46' class='crp-tile-inner crp-tile-pic button06 overlay00 share20 details27 image01 crp-fix-explore-icon-pos '><img class='crp-tile-img' src='https:\/\/cristina.cat\/wp-content\/uploads\/2018\/07\/k.kinderyte-peto.jpg' alt='' title='k.kinderyte-peto' caption='' description='' data-width='750' data-height='563' \/><div class='overlay'><\/div><div class='overlayT'><\/div><div class='overlayB'><\/div><div class='overlayL'><\/div><div class='overlayR'><\/div><div class='details'><h3>Kristina Kinderyt\u00e9 - \"pet\u00f3\"<\/h3><p>terracota p\/u\n35 cm<\/p><\/div><a class='ic ic-search crp-hvr crp-hvr-overline-from-center' ><i class='fa fa-search'><\/i><\/a><\/div><script>CRP_GALLERY_DATASOURCE_4.push({'facebookShareUrl': 'https:\/\/cristina.cat\/wp-content\/uploads\/2018\/07\/k.kinderyte-peto.jpg','twitterShareUrl': 'https:\/\/cristina.cat\/wp-content\/uploads\/2018\/07\/k.kinderyte-peto.jpg','pinterestShareUrl': 'https:\/\/cristina.cat\/wp-content\/uploads\/2018\/07\/k.kinderyte-peto.jpg','googleplusShareUrl': 'https:\/\/cristina.cat\/wp-content\/uploads\/2018\/07\/k.kinderyte-peto.jpg', 'tweetText': 'Kristina Kinderyt\u00e9 - \"pet\u00f3\"', 'pinterestText': 'Kristina Kinderyt\u00e9 - \"pet\u00f3\"','id': '46', 'src': 'https:\/\/cristina.cat\/wp-content\/uploads\/2018\/07\/k.kinderyte-peto.jpg', 'thumb': 'https:\/\/cristina.cat\/wp-content\/uploads\/2018\/07\/k.kinderyte-peto.jpg', 'subHtml': '<h4>Kristina Kinderyt\u00e9 - \\\"pet\u00f3\\\"<\/h4><p>terracota p\/u<\/br>35 cm<\/p>', 'downloadUrl': false});<\/script><\/div><div id=\"crp-tile-42\" class=\"crp-tile ftg- \" data-url=\"\"><div id='42' class='crp-tile-inner crp-tile-pic button06 overlay00 share20 details27 image01 crp-fix-explore-icon-pos '><img class='crp-tile-img' src='https:\/\/cristina.cat\/wp-content\/uploads\/2018\/07\/m.rosello-sisley.jpg' alt='' title='m.rosello-sisley' caption='' description='' data-width='750' data-height='874' \/><div class='overlay'><\/div><div class='overlayT'><\/div><div class='overlayB'><\/div><div class='overlayL'><\/div><div class='overlayR'><\/div><div class='details'><h3>Marina Rosell\u00f3 - a partir de Sisley<\/h3><p>oli sobre tela\n50x60 cm<\/p><\/div><a class='ic ic-search crp-hvr crp-hvr-overline-from-center' ><i class='fa fa-search'><\/i><\/a><\/div><script>CRP_GALLERY_DATASOURCE_4.push({'facebookShareUrl': 'https:\/\/cristina.cat\/wp-content\/uploads\/2018\/07\/m.rosello-sisley.jpg','twitterShareUrl': 'https:\/\/cristina.cat\/wp-content\/uploads\/2018\/07\/m.rosello-sisley.jpg','pinterestShareUrl': 'https:\/\/cristina.cat\/wp-content\/uploads\/2018\/07\/m.rosello-sisley.jpg','googleplusShareUrl': 'https:\/\/cristina.cat\/wp-content\/uploads\/2018\/07\/m.rosello-sisley.jpg', 'tweetText': 'Marina Rosell\u00f3 - a partir de Sisley', 'pinterestText': 'Marina Rosell\u00f3 - a partir de Sisley','id': '42', 'src': 'https:\/\/cristina.cat\/wp-content\/uploads\/2018\/07\/m.rosello-sisley.jpg', 'thumb': 'https:\/\/cristina.cat\/wp-content\/uploads\/2018\/07\/m.rosello-sisley.jpg', 'subHtml': '<h4>Marina Rosell\u00f3 - a partir de Sisley<\/h4><p>oli sobre tela<\/br>50x60 cm<\/p>', 'downloadUrl': false});<\/script><\/div><div id=\"crp-tile-40\" class=\"crp-tile ftg- \" data-url=\"\"><div id='40' class='crp-tile-inner crp-tile-pic button06 overlay00 share20 details27 image01 crp-fix-explore-icon-pos '><img class='crp-tile-img' src='https:\/\/cristina.cat\/wp-content\/uploads\/2018\/07\/t.octubre-nu.jpg' alt='' title='t.octubre-nu' caption='' description='' data-width='750' data-height='893' \/><div class='overlay'><\/div><div class='overlayT'><\/div><div class='overlayB'><\/div><div class='overlayL'><\/div><div class='overlayR'><\/div><div class='details'><h3>Tere Octubre - \"nu\"<\/h3><p>oli sobre tela\n46x55 cm<\/p><\/div><a class='ic ic-search crp-hvr crp-hvr-overline-from-center' ><i class='fa fa-search'><\/i><\/a><\/div><script>CRP_GALLERY_DATASOURCE_4.push({'facebookShareUrl': 'https:\/\/cristina.cat\/wp-content\/uploads\/2018\/07\/t.octubre-nu.jpg','twitterShareUrl': 'https:\/\/cristina.cat\/wp-content\/uploads\/2018\/07\/t.octubre-nu.jpg','pinterestShareUrl': 'https:\/\/cristina.cat\/wp-content\/uploads\/2018\/07\/t.octubre-nu.jpg','googleplusShareUrl': 'https:\/\/cristina.cat\/wp-content\/uploads\/2018\/07\/t.octubre-nu.jpg', 'tweetText': 'Tere Octubre - \"nu\"', 'pinterestText': 'Tere Octubre - \"nu\"','id': '40', 'src': 'https:\/\/cristina.cat\/wp-content\/uploads\/2018\/07\/t.octubre-nu.jpg', 'thumb': 'https:\/\/cristina.cat\/wp-content\/uploads\/2018\/07\/t.octubre-nu.jpg', 'subHtml': '<h4>Tere Octubre - \\\"nu\\\"<\/h4><p>oli sobre tela<\/br>46x55 cm<\/p>', 'downloadUrl': false});<\/script><\/div><div id=\"crp-tile-56\" class=\"crp-tile ftg- \" data-url=\"\"><div id='56' class='crp-tile-inner crp-tile-pic button06 overlay00 share20 details27 image01 crp-fix-explore-icon-pos '><img class='crp-tile-img' src='https:\/\/cristina.cat\/wp-content\/uploads\/2018\/07\/f.pisa-la_platja.jpg' alt='' title='f.pisa-la_platja' caption='' description='' data-width='750' data-height='582' \/><div class='overlay'><\/div><div class='overlayT'><\/div><div class='overlayB'><\/div><div class='overlayL'><\/div><div class='overlayR'><\/div><div class='details'><h3>Ferran Pisa - \"la platja\"<\/h3><p>oli sobre tela\n40x30 cm<\/p><\/div><a class='ic ic-search crp-hvr crp-hvr-overline-from-center' ><i class='fa fa-search'><\/i><\/a><\/div><script>CRP_GALLERY_DATASOURCE_4.push({'facebookShareUrl': 'https:\/\/cristina.cat\/wp-content\/uploads\/2018\/07\/f.pisa-la_platja.jpg','twitterShareUrl': 'https:\/\/cristina.cat\/wp-content\/uploads\/2018\/07\/f.pisa-la_platja.jpg','pinterestShareUrl': 'https:\/\/cristina.cat\/wp-content\/uploads\/2018\/07\/f.pisa-la_platja.jpg','googleplusShareUrl': 'https:\/\/cristina.cat\/wp-content\/uploads\/2018\/07\/f.pisa-la_platja.jpg', 'tweetText': 'Ferran Pisa - \"la platja\"', 'pinterestText': 'Ferran Pisa - \"la platja\"','id': '56', 'src': 'https:\/\/cristina.cat\/wp-content\/uploads\/2018\/07\/f.pisa-la_platja.jpg', 'thumb': 'https:\/\/cristina.cat\/wp-content\/uploads\/2018\/07\/f.pisa-la_platja.jpg', 'subHtml': '<h4>Ferran Pisa - \\\"la platja\\\"<\/h4><p>oli sobre tela<\/br>40x30 cm<\/p>', 'downloadUrl': false});<\/script><\/div><div id=\"crp-tile-45\" class=\"crp-tile ftg- \" data-url=\"\"><div id='45' class='crp-tile-inner crp-tile-pic button06 overlay00 share20 details27 image01 crp-fix-explore-icon-pos '><img class='crp-tile-img' src='https:\/\/cristina.cat\/wp-content\/uploads\/2018\/07\/m.gili-AW.jpg' alt='' title='m.gili-AW' caption='' description='' data-width='750' data-height='616' \/><div class='overlay'><\/div><div class='overlayT'><\/div><div class='overlayB'><\/div><div class='overlayL'><\/div><div class='overlayR'><\/div><div class='details'><h3>Marta Gili - a partir d'Andrew Wyeth<\/h3><p>acr\u00edlic\n40x30 cm<\/p><\/div><a class='ic ic-search crp-hvr crp-hvr-overline-from-center' ><i class='fa fa-search'><\/i><\/a><\/div><script>CRP_GALLERY_DATASOURCE_4.push({'facebookShareUrl': 'https:\/\/cristina.cat\/wp-content\/uploads\/2018\/07\/m.gili-AW.jpg','twitterShareUrl': 'https:\/\/cristina.cat\/wp-content\/uploads\/2018\/07\/m.gili-AW.jpg','pinterestShareUrl': 'https:\/\/cristina.cat\/wp-content\/uploads\/2018\/07\/m.gili-AW.jpg','googleplusShareUrl': 'https:\/\/cristina.cat\/wp-content\/uploads\/2018\/07\/m.gili-AW.jpg', 'tweetText': 'Marta Gili - a partir d'Andrew Wyeth', 'pinterestText': 'Marta Gili - a partir d'Andrew Wyeth','id': '45', 'src': 'https:\/\/cristina.cat\/wp-content\/uploads\/2018\/07\/m.gili-AW.jpg', 'thumb': 'https:\/\/cristina.cat\/wp-content\/uploads\/2018\/07\/m.gili-AW.jpg', 'subHtml': '<h4>Marta Gili - a partir d\\'Andrew Wyeth<\/h4><p>acr\u00edlic<\/br>40x30 cm<\/p>', 'downloadUrl': false});<\/script><\/div><div id=\"crp-tile-44\" class=\"crp-tile ftg- \" data-url=\"\"><div id='44' class='crp-tile-inner crp-tile-pic button06 overlay00 share20 details27 image01 crp-fix-explore-icon-pos '><img class='crp-tile-img' src='https:\/\/cristina.cat\/wp-content\/uploads\/2018\/07\/l.paduro-escocia.jpg' alt='' title='l.paduro-escocia' caption='' description='' data-width='750' data-height='589' \/><div class='overlay'><\/div><div class='overlayT'><\/div><div class='overlayB'><\/div><div class='overlayL'><\/div><div class='overlayR'><\/div><div class='details'><h3>Lina Padura - \"cielo azul en Escocia\"<\/h3><p>oli sobre tela\n73x54 cm<\/p><\/div><a class='ic ic-search crp-hvr crp-hvr-overline-from-center' ><i class='fa fa-search'><\/i><\/a><\/div><script>CRP_GALLERY_DATASOURCE_4.push({'facebookShareUrl': 'https:\/\/cristina.cat\/wp-content\/uploads\/2018\/07\/l.paduro-escocia.jpg','twitterShareUrl': 'https:\/\/cristina.cat\/wp-content\/uploads\/2018\/07\/l.paduro-escocia.jpg','pinterestShareUrl': 'https:\/\/cristina.cat\/wp-content\/uploads\/2018\/07\/l.paduro-escocia.jpg','googleplusShareUrl': 'https:\/\/cristina.cat\/wp-content\/uploads\/2018\/07\/l.paduro-escocia.jpg', 'tweetText': 'Lina Padura - \"cielo azul en Escocia\"', 'pinterestText': 'Lina Padura - \"cielo azul en Escocia\"','id': '44', 'src': 'https:\/\/cristina.cat\/wp-content\/uploads\/2018\/07\/l.paduro-escocia.jpg', 'thumb': 'https:\/\/cristina.cat\/wp-content\/uploads\/2018\/07\/l.paduro-escocia.jpg', 'subHtml': '<h4>Lina Padura - \\\"cielo azul en Escocia\\\"<\/h4><p>oli sobre tela<\/br>73x54 cm<\/p>', 'downloadUrl': false});<\/script><\/div><div id=\"crp-tile-43\" class=\"crp-tile ftg- \" data-url=\"\"><div id='43' class='crp-tile-inner crp-tile-pic button06 overlay00 share20 details27 image01 crp-fix-explore-icon-pos '><img class='crp-tile-img' src='https:\/\/cristina.cat\/wp-content\/uploads\/2018\/07\/o.rivera-bosque_encantado.jpg' alt='' title='o.rivera-bosque_encantado' caption='' description='' data-width='750' data-height='432' \/><div class='overlay'><\/div><div class='overlayT'><\/div><div class='overlayB'><\/div><div class='overlayL'><\/div><div class='overlayR'><\/div><div class='details'><h3>Olga Rivera - \"bosque encantado\"<\/h3><p>oli sobre tela\n70x40 cm<\/p><\/div><a class='ic ic-search crp-hvr crp-hvr-overline-from-center' ><i class='fa fa-search'><\/i><\/a><\/div><script>CRP_GALLERY_DATASOURCE_4.push({'facebookShareUrl': 'https:\/\/cristina.cat\/wp-content\/uploads\/2018\/07\/o.rivera-bosque_encantado.jpg','twitterShareUrl': 'https:\/\/cristina.cat\/wp-content\/uploads\/2018\/07\/o.rivera-bosque_encantado.jpg','pinterestShareUrl': 'https:\/\/cristina.cat\/wp-content\/uploads\/2018\/07\/o.rivera-bosque_encantado.jpg','googleplusShareUrl': 'https:\/\/cristina.cat\/wp-content\/uploads\/2018\/07\/o.rivera-bosque_encantado.jpg', 'tweetText': 'Olga Rivera - \"bosque encantado\"', 'pinterestText': 'Olga Rivera - \"bosque encantado\"','id': '43', 'src': 'https:\/\/cristina.cat\/wp-content\/uploads\/2018\/07\/o.rivera-bosque_encantado.jpg', 'thumb': 'https:\/\/cristina.cat\/wp-content\/uploads\/2018\/07\/o.rivera-bosque_encantado.jpg', 'subHtml': '<h4>Olga Rivera - \\\"bosque encantado\\\"<\/h4><p>oli sobre tela<\/br>70x40 cm<\/p>', 'downloadUrl': false});<\/script><\/div><div id=\"crp-tile-41\" class=\"crp-tile ftg- \" data-url=\"\"><div id='41' class='crp-tile-inner crp-tile-pic button06 overlay00 share20 details27 image01 crp-fix-explore-icon-pos '><img class='crp-tile-img' src='https:\/\/cristina.cat\/wp-content\/uploads\/2018\/07\/p-huguet-desquena.jpg' alt='' title='p-huguet-desquena' caption='' description='' data-width='750' data-height='1028' \/><div class='overlay'><\/div><div class='overlayT'><\/div><div class='overlayB'><\/div><div class='overlayL'><\/div><div class='overlayR'><\/div><div class='details'><h3>Pere Huguet -\"d'esquena\"<\/h3><p>ceres sobre paper\n50x70 cm<\/p><\/div><a class='ic ic-search crp-hvr crp-hvr-overline-from-center' ><i class='fa fa-search'><\/i><\/a><\/div><script>CRP_GALLERY_DATASOURCE_4.push({'facebookShareUrl': 'https:\/\/cristina.cat\/wp-content\/uploads\/2018\/07\/p-huguet-desquena.jpg','twitterShareUrl': 'https:\/\/cristina.cat\/wp-content\/uploads\/2018\/07\/p-huguet-desquena.jpg','pinterestShareUrl': 'https:\/\/cristina.cat\/wp-content\/uploads\/2018\/07\/p-huguet-desquena.jpg','googleplusShareUrl': 'https:\/\/cristina.cat\/wp-content\/uploads\/2018\/07\/p-huguet-desquena.jpg', 'tweetText': 'Pere Huguet -\"d'esquena\"', 'pinterestText': 'Pere Huguet -\"d'esquena\"','id': '41', 'src': 'https:\/\/cristina.cat\/wp-content\/uploads\/2018\/07\/p-huguet-desquena.jpg', 'thumb': 'https:\/\/cristina.cat\/wp-content\/uploads\/2018\/07\/p-huguet-desquena.jpg', 'subHtml': '<h4>Pere Huguet -\\\"d\\'esquena\\\"<\/h4><p>ceres sobre paper<\/br>50x70 cm<\/p>', 'downloadUrl': false});<\/script><\/div><div id=\"crp-tile-60\" class=\"crp-tile ftg- \" data-url=\"\"><div id='60' class='crp-tile-inner crp-tile-pic button06 overlay00 share20 details27 image01 crp-fix-explore-icon-pos '><img class='crp-tile-img' src='https:\/\/cristina.cat\/wp-content\/uploads\/2018\/07\/23.jpg' alt='' title='23' caption='' description='' data-width='750' data-height='640' \/><div class='overlay'><\/div><div class='overlayT'><\/div><div class='overlayB'><\/div><div class='overlayL'><\/div><div class='overlayR'><\/div><div class='details'><h3><\/h3><p><\/p><\/div><a class='ic ic-search crp-hvr crp-hvr-overline-from-center' ><i class='fa fa-search'><\/i><\/a><\/div><script>CRP_GALLERY_DATASOURCE_4.push({'facebookShareUrl': 'https:\/\/cristina.cat\/wp-content\/uploads\/2018\/07\/23.jpg','twitterShareUrl': 'https:\/\/cristina.cat\/wp-content\/uploads\/2018\/07\/23.jpg','pinterestShareUrl': 'https:\/\/cristina.cat\/wp-content\/uploads\/2018\/07\/23.jpg','googleplusShareUrl': 'https:\/\/cristina.cat\/wp-content\/uploads\/2018\/07\/23.jpg', 'tweetText': '', 'pinterestText': '','id': '60', 'src': 'https:\/\/cristina.cat\/wp-content\/uploads\/2018\/07\/23.jpg', 'thumb': 'https:\/\/cristina.cat\/wp-content\/uploads\/2018\/07\/23.jpg', 'subHtml': '', 'downloadUrl': false});<\/script><\/div><div id=\"crp-tile-39\" class=\"crp-tile ftg- \" data-url=\"\"><div id='39' class='crp-tile-inner crp-tile-pic button06 overlay00 share20 details27 image01 crp-fix-explore-icon-pos '><img class='crp-tile-img' src='https:\/\/cristina.cat\/wp-content\/uploads\/2018\/07\/t.rusell-descans.jpg' alt='' title='t.rusell-descans' caption='' description='' data-width='750' data-height='500' \/><div class='overlay'><\/div><div class='overlayT'><\/div><div class='overlayB'><\/div><div class='overlayL'><\/div><div class='overlayR'><\/div><div class='details'><h3>Teresa Tusell - \"descans\"<\/h3><p>Terracota p\/u\n25 cm<\/p><\/div><a class='ic ic-search crp-hvr crp-hvr-overline-from-center' ><i class='fa fa-search'><\/i><\/a><\/div><script>CRP_GALLERY_DATASOURCE_4.push({'facebookShareUrl': 'https:\/\/cristina.cat\/wp-content\/uploads\/2018\/07\/t.rusell-descans.jpg','twitterShareUrl': 'https:\/\/cristina.cat\/wp-content\/uploads\/2018\/07\/t.rusell-descans.jpg','pinterestShareUrl': 'https:\/\/cristina.cat\/wp-content\/uploads\/2018\/07\/t.rusell-descans.jpg','googleplusShareUrl': 'https:\/\/cristina.cat\/wp-content\/uploads\/2018\/07\/t.rusell-descans.jpg', 'tweetText': 'Teresa Tusell - \"descans\"', 'pinterestText': 'Teresa Tusell - \"descans\"','id': '39', 'src': 'https:\/\/cristina.cat\/wp-content\/uploads\/2018\/07\/t.rusell-descans.jpg', 'thumb': 'https:\/\/cristina.cat\/wp-content\/uploads\/2018\/07\/t.rusell-descans.jpg', 'subHtml': '<h4>Teresa Tusell - \\\"descans\\\"<\/h4><p>Terracota p\/u<\/br>25 cm<\/p>', 'downloadUrl': false});<\/script><\/div><\/div><\/div><\/div><\/div>\n<!--Here Goes JS-->\n<script>\n    jQuery(document).ready(function(){\n        gkitConfigureGrid(\n            4,\n            {layoutType: 3,approxTileWidth: 125,approxTileHeight: 125,addBlock1Height: false,addBlock2Height: false,margin: 4,minTileWidth: 125,gridCellSize: 10,lazy: false,dontCropImage: false,},\n            {\n                kEnableGridLazyLoad : 0,\n                kDirectLinking : 0,\n                kLoadUrlBlank : 1,\n                kDisableAlbumStylePresentation : 1,\n                kViewerBackdropClass: 'crp-2-popup-backdrop',\n                albumViewerTypeIsGrid: 0            },\n            {hash: false,autoplayFirstVideo: true,videojs: true,actualSize: false,mode: 'lg-fade',addClass: 'fixed-size fixed-size-4 crp-popup-simple-theme-dark',counter: true,subHtmlSelectorRelative: true,zoom: false,download: false,fullScreen: false,autoplayControls: false,hideBarsDelay: 300000,pager: false,startClass: '',enableSwipe: false,enableDrag: false,thumbnail: false,speed: 500,share: false,},\n            CRP_GALLERY_DATASOURCE_4,\n            CRP_DATASOURCE_4        );\n    });\n<\/script><style><\/style><script>jQuery(window).load(function() {});<\/script>\n","protected":false},"excerpt":{"rendered":"<p>La sala de exposiciones del Centre C\u00edvic Font de la  [&#8230;]<\/p>\n","protected":false},"author":1,"featured_media":1321,"comment_status":"open","ping_status":"open","sticky":false,"template":"","format":"standard","meta":{"_vp_format_video_url":"","_vp_image_focal_point":[],"footnotes":""},"categories":[19],"tags":[],"class_list":["post-1319","post","type-post","status-publish","format-standard","has-post-thumbnail","hentry","category-sin-categorizar"],"yoast_head":"<!-- This site is optimized with the Yoast SEO plugin v24.6 - https:\/\/yoast.com\/wordpress\/plugins\/seo\/ -->\n<title>Colectiva en la sala de exposiciones del CC Font de la Guatlla - c.freixas<\/title>\n<meta name=\"description\" content=\"La sala de exposiciones del Centre C\u00edvic Font de la Guatlla, de la calle Rab\u00ed Rub\u00e8n, 22 de Barcelona, acoge desde el 2 al 20 de julio de 2018.\" \/>\n<meta name=\"robots\" content=\"index, follow, max-snippet:-1, max-image-preview:large, max-video-preview:-1\" \/>\n<link rel=\"canonical\" href=\"https:\/\/cristina.cat\/exposicio-collectiva-font-de-la-guatlla\/\" \/>\n<meta property=\"og:locale\" content=\"es_ES\" \/>\n<meta property=\"og:type\" content=\"article\" \/>\n<meta property=\"og:title\" content=\"Colectiva en la sala de exposiciones del CC Font de la Guatlla - c.freixas\" \/>\n<meta property=\"og:description\" content=\"La sala de exposiciones del Centre C\u00edvic Font de la Guatlla, de la calle Rab\u00ed Rub\u00e8n, 22 de Barcelona, acoge desde el 2 al 20 de julio de 2018.\" \/>\n<meta property=\"og:url\" content=\"https:\/\/cristina.cat\/exposicio-collectiva-font-de-la-guatlla\/\" \/>\n<meta property=\"og:site_name\" content=\"c.freixas\" \/>\n<meta property=\"article:published_time\" content=\"2018-07-03T12:52:31+00:00\" \/>\n<meta property=\"article:modified_time\" content=\"2021-07-08T10:02:07+00:00\" \/>\n<meta property=\"og:image\" content=\"https:\/\/cristina.cat\/wp-content\/uploads\/2018\/07\/Font_Guatlla_27.jpg\" \/>\n\t<meta property=\"og:image:width\" content=\"750\" \/>\n\t<meta property=\"og:image:height\" content=\"563\" \/>\n\t<meta property=\"og:image:type\" content=\"image\/jpeg\" \/>\n<meta name=\"author\" content=\"cristin@\" \/>\n<meta name=\"twitter:card\" content=\"summary_large_image\" \/>\n<meta name=\"twitter:label1\" content=\"Escrito por\" \/>\n\t<meta name=\"twitter:data1\" content=\"cristin@\" \/>\n\t<meta name=\"twitter:label2\" content=\"Tiempo de lectura\" \/>\n\t<meta name=\"twitter:data2\" content=\"1 minuto\" \/>\n<script type=\"application\/ld+json\" class=\"yoast-schema-graph\">{\"@context\":\"https:\/\/schema.org\",\"@graph\":[{\"@type\":\"WebPage\",\"@id\":\"https:\/\/cristina.cat\/exposicio-collectiva-font-de-la-guatlla\/\",\"url\":\"https:\/\/cristina.cat\/exposicio-collectiva-font-de-la-guatlla\/\",\"name\":\"Colectiva en la sala de exposiciones del CC Font de la Guatlla - c.freixas\",\"isPartOf\":{\"@id\":\"https:\/\/cristina.cat\/#website\"},\"primaryImageOfPage\":{\"@id\":\"https:\/\/cristina.cat\/exposicio-collectiva-font-de-la-guatlla\/#primaryimage\"},\"image\":{\"@id\":\"https:\/\/cristina.cat\/exposicio-collectiva-font-de-la-guatlla\/#primaryimage\"},\"thumbnailUrl\":\"https:\/\/cristina.cat\/wp-content\/uploads\/2018\/07\/Font_Guatlla_27.jpg\",\"datePublished\":\"2018-07-03T12:52:31+00:00\",\"dateModified\":\"2021-07-08T10:02:07+00:00\",\"author\":{\"@id\":\"https:\/\/cristina.cat\/#\/schema\/person\/4c27ec1b4297c0dcbbbd012a8df764ca\"},\"description\":\"La sala de exposiciones del Centre C\u00edvic Font de la Guatlla, de la calle Rab\u00ed Rub\u00e8n, 22 de Barcelona, acoge desde el 2 al 20 de julio de 2018.\",\"breadcrumb\":{\"@id\":\"https:\/\/cristina.cat\/exposicio-collectiva-font-de-la-guatlla\/#breadcrumb\"},\"inLanguage\":\"es\",\"potentialAction\":[{\"@type\":\"ReadAction\",\"target\":[\"https:\/\/cristina.cat\/exposicio-collectiva-font-de-la-guatlla\/\"]}]},{\"@type\":\"ImageObject\",\"inLanguage\":\"es\",\"@id\":\"https:\/\/cristina.cat\/exposicio-collectiva-font-de-la-guatlla\/#primaryimage\",\"url\":\"https:\/\/cristina.cat\/wp-content\/uploads\/2018\/07\/Font_Guatlla_27.jpg\",\"contentUrl\":\"https:\/\/cristina.cat\/wp-content\/uploads\/2018\/07\/Font_Guatlla_27.jpg\",\"width\":750,\"height\":563},{\"@type\":\"BreadcrumbList\",\"@id\":\"https:\/\/cristina.cat\/exposicio-collectiva-font-de-la-guatlla\/#breadcrumb\",\"itemListElement\":[{\"@type\":\"ListItem\",\"position\":1,\"name\":\"Inicio\",\"item\":\"https:\/\/cristina.cat\/\"},{\"@type\":\"ListItem\",\"position\":2,\"name\":\"Colectiva en la sala de exposiciones del CC Font de la Guatlla\"}]},{\"@type\":\"WebSite\",\"@id\":\"https:\/\/cristina.cat\/#website\",\"url\":\"https:\/\/cristina.cat\/\",\"name\":\"c.freixas\",\"description\":\"art i disseny\",\"potentialAction\":[{\"@type\":\"SearchAction\",\"target\":{\"@type\":\"EntryPoint\",\"urlTemplate\":\"https:\/\/cristina.cat\/?s={search_term_string}\"},\"query-input\":{\"@type\":\"PropertyValueSpecification\",\"valueRequired\":true,\"valueName\":\"search_term_string\"}}],\"inLanguage\":\"es\"},{\"@type\":\"Person\",\"@id\":\"https:\/\/cristina.cat\/#\/schema\/person\/4c27ec1b4297c0dcbbbd012a8df764ca\",\"name\":\"cristin@\",\"image\":{\"@type\":\"ImageObject\",\"inLanguage\":\"es\",\"@id\":\"https:\/\/cristina.cat\/#\/schema\/person\/image\/\",\"url\":\"https:\/\/secure.gravatar.com\/avatar\/8fcc28cf7caff45411f165ea4dd7eea3?s=96&d=mm&r=g\",\"contentUrl\":\"https:\/\/secure.gravatar.com\/avatar\/8fcc28cf7caff45411f165ea4dd7eea3?s=96&d=mm&r=g\",\"caption\":\"cristin@\"},\"url\":\"https:\/\/cristina.cat\/es\/author\/cristin\/\"}]}<\/script>\n<!-- \/ Yoast SEO plugin. -->","yoast_head_json":{"title":"Colectiva en la sala de exposiciones del CC Font de la Guatlla - c.freixas","description":"La sala de exposiciones del Centre C\u00edvic Font de la Guatlla, de la calle Rab\u00ed Rub\u00e8n, 22 de Barcelona, acoge desde el 2 al 20 de julio de 2018.","robots":{"index":"index","follow":"follow","max-snippet":"max-snippet:-1","max-image-preview":"max-image-preview:large","max-video-preview":"max-video-preview:-1"},"canonical":"https:\/\/cristina.cat\/exposicio-collectiva-font-de-la-guatlla\/","og_locale":"es_ES","og_type":"article","og_title":"Colectiva en la sala de exposiciones del CC Font de la Guatlla - c.freixas","og_description":"La sala de exposiciones del Centre C\u00edvic Font de la Guatlla, de la calle Rab\u00ed Rub\u00e8n, 22 de Barcelona, acoge desde el 2 al 20 de julio de 2018.","og_url":"https:\/\/cristina.cat\/exposicio-collectiva-font-de-la-guatlla\/","og_site_name":"c.freixas","article_published_time":"2018-07-03T12:52:31+00:00","article_modified_time":"2021-07-08T10:02:07+00:00","og_image":[{"width":750,"height":563,"url":"https:\/\/cristina.cat\/wp-content\/uploads\/2018\/07\/Font_Guatlla_27.jpg","type":"image\/jpeg"}],"author":"cristin@","twitter_card":"summary_large_image","twitter_misc":{"Escrito por":"cristin@","Tiempo de lectura":"1 minuto"},"schema":{"@context":"https:\/\/schema.org","@graph":[{"@type":"WebPage","@id":"https:\/\/cristina.cat\/exposicio-collectiva-font-de-la-guatlla\/","url":"https:\/\/cristina.cat\/exposicio-collectiva-font-de-la-guatlla\/","name":"Colectiva en la sala de exposiciones del CC Font de la Guatlla - c.freixas","isPartOf":{"@id":"https:\/\/cristina.cat\/#website"},"primaryImageOfPage":{"@id":"https:\/\/cristina.cat\/exposicio-collectiva-font-de-la-guatlla\/#primaryimage"},"image":{"@id":"https:\/\/cristina.cat\/exposicio-collectiva-font-de-la-guatlla\/#primaryimage"},"thumbnailUrl":"https:\/\/cristina.cat\/wp-content\/uploads\/2018\/07\/Font_Guatlla_27.jpg","datePublished":"2018-07-03T12:52:31+00:00","dateModified":"2021-07-08T10:02:07+00:00","author":{"@id":"https:\/\/cristina.cat\/#\/schema\/person\/4c27ec1b4297c0dcbbbd012a8df764ca"},"description":"La sala de exposiciones del Centre C\u00edvic Font de la Guatlla, de la calle Rab\u00ed Rub\u00e8n, 22 de Barcelona, acoge desde el 2 al 20 de julio de 2018.","breadcrumb":{"@id":"https:\/\/cristina.cat\/exposicio-collectiva-font-de-la-guatlla\/#breadcrumb"},"inLanguage":"es","potentialAction":[{"@type":"ReadAction","target":["https:\/\/cristina.cat\/exposicio-collectiva-font-de-la-guatlla\/"]}]},{"@type":"ImageObject","inLanguage":"es","@id":"https:\/\/cristina.cat\/exposicio-collectiva-font-de-la-guatlla\/#primaryimage","url":"https:\/\/cristina.cat\/wp-content\/uploads\/2018\/07\/Font_Guatlla_27.jpg","contentUrl":"https:\/\/cristina.cat\/wp-content\/uploads\/2018\/07\/Font_Guatlla_27.jpg","width":750,"height":563},{"@type":"BreadcrumbList","@id":"https:\/\/cristina.cat\/exposicio-collectiva-font-de-la-guatlla\/#breadcrumb","itemListElement":[{"@type":"ListItem","position":1,"name":"Inicio","item":"https:\/\/cristina.cat\/"},{"@type":"ListItem","position":2,"name":"Colectiva en la sala de exposiciones del CC Font de la Guatlla"}]},{"@type":"WebSite","@id":"https:\/\/cristina.cat\/#website","url":"https:\/\/cristina.cat\/","name":"c.freixas","description":"art i disseny","potentialAction":[{"@type":"SearchAction","target":{"@type":"EntryPoint","urlTemplate":"https:\/\/cristina.cat\/?s={search_term_string}"},"query-input":{"@type":"PropertyValueSpecification","valueRequired":true,"valueName":"search_term_string"}}],"inLanguage":"es"},{"@type":"Person","@id":"https:\/\/cristina.cat\/#\/schema\/person\/4c27ec1b4297c0dcbbbd012a8df764ca","name":"cristin@","image":{"@type":"ImageObject","inLanguage":"es","@id":"https:\/\/cristina.cat\/#\/schema\/person\/image\/","url":"https:\/\/secure.gravatar.com\/avatar\/8fcc28cf7caff45411f165ea4dd7eea3?s=96&d=mm&r=g","contentUrl":"https:\/\/secure.gravatar.com\/avatar\/8fcc28cf7caff45411f165ea4dd7eea3?s=96&d=mm&r=g","caption":"cristin@"},"url":"https:\/\/cristina.cat\/es\/author\/cristin\/"}]}},"_links":{"self":[{"href":"https:\/\/cristina.cat\/es\/wp-json\/wp\/v2\/posts\/1319","targetHints":{"allow":["GET"]}}],"collection":[{"href":"https:\/\/cristina.cat\/es\/wp-json\/wp\/v2\/posts"}],"about":[{"href":"https:\/\/cristina.cat\/es\/wp-json\/wp\/v2\/types\/post"}],"author":[{"embeddable":true,"href":"https:\/\/cristina.cat\/es\/wp-json\/wp\/v2\/users\/1"}],"replies":[{"embeddable":true,"href":"https:\/\/cristina.cat\/es\/wp-json\/wp\/v2\/comments?post=1319"}],"version-history":[{"count":2,"href":"https:\/\/cristina.cat\/es\/wp-json\/wp\/v2\/posts\/1319\/revisions"}],"predecessor-version":[{"id":1323,"href":"https:\/\/cristina.cat\/es\/wp-json\/wp\/v2\/posts\/1319\/revisions\/1323"}],"wp:featuredmedia":[{"embeddable":true,"href":"https:\/\/cristina.cat\/es\/wp-json\/wp\/v2\/media\/1321"}],"wp:attachment":[{"href":"https:\/\/cristina.cat\/es\/wp-json\/wp\/v2\/media?parent=1319"}],"wp:term":[{"taxonomy":"category","embeddable":true,"href":"https:\/\/cristina.cat\/es\/wp-json\/wp\/v2\/categories?post=1319"},{"taxonomy":"post_tag","embeddable":true,"href":"https:\/\/cristina.cat\/es\/wp-json\/wp\/v2\/tags?post=1319"}],"curies":[{"name":"wp","href":"https:\/\/api.w.org\/{rel}","templated":true}]}}